{"id":5653,"date":"2019-12-09T09:21:00","date_gmt":"2019-12-09T08:21:00","guid":{"rendered":"http:\/\/cpsanadrian.educacion.navarra.es\/blog\/?p=5653"},"modified":"2019-12-09T16:39:43","modified_gmt":"2019-12-09T15:39:43","slug":"el-festival-del-colegio","status":"publish","type":"post","link":"https:\/\/cpsanadrian.educacion.navarra.es\/blog\/2019\/12\/09\/el-festival-del-colegio\/","title":{"rendered":"El Festival de Navidad del colegio tendr\u00e1 lugar el jueves 19 de diciembre."},"content":{"rendered":"\n<p> <strong>La APYMA vender\u00e1 las entradas anticipadas hoy<\/strong> <strong>lunes 9 en el edificio principal, entrando por secretar\u00eda de 17:00 a 18:00 (Se podr\u00e1n coger un m\u00e1ximo de 6 entradas por persona\/sesi\u00f3n). &nbsp;<\/strong>El precio de la entrada ser\u00e1 de 1\u20ac. El dinero recaudado se utiliza para financiar parte del viaje de estudios del alumnado de sexto.&nbsp;  <\/p>\n\n\n\n<p>El colegio se encuentra ultimando los preparativos del Festival de Navidad 2019. ESE DIA NO HABR\u00c1 EXTRAESCOLARES. Como en a\u00f1os anteriores tendr\u00e1 lugar en el Pabell\u00f3n (entrada por la pista azul) y habr\u00e1 2 sesiones:<\/p>\n\n\n\n<ul><li>1\u00aa Sesi\u00f3n a las 15:30. &nbsp;Infantil + 1\u00ba, y 2\u00ba de Primaria. Nota: Los ni\u00f1os y ni\u00f1as ser\u00e1n recogidos por las familias en las filas habituales a las 17:00h, una vez terminado el festival. No lo haremos antes, por el caos que ello conlleva.<\/li><li>2\u00aa Sesi\u00f3n a las 18:30. 3\u00ba, 4\u00ba, 5\u00ba y 6\u00ba de Primaria. Se ruega a todo el p\u00fablico que permanezca hasta el final de las funciones por respeto a todos\/as los participantes.<\/li><\/ul>\n\n\n\n<p><\/p>\n","protected":false},"excerpt":{"rendered":"<p>La APYMA vender\u00e1 las entradas anticipadas hoy lunes 9 en el edificio principal, entrando por secretar\u00eda de 17:00 a 18:00 (Se podr\u00e1n coger un m\u00e1ximo de 6 entradas por persona\/sesi\u00f3n). &nbsp;El precio de la entrada ser\u00e1 de 1\u20ac. El dinero recaudado se utiliza para financiar parte del viaje de estudios del alumnado de sexto.&nbsp; El &hellip; <a href=\"https:\/\/cpsanadrian.educacion.navarra.es\/blog\/2019\/12\/09\/el-festival-del-colegio\/\" class=\"more-link\">Seguir leyendo <span class=\"screen-reader-text\">El Festival de Navidad del colegio tendr\u00e1 lugar el jueves 19 de diciembre.<\/span> <span class=\"meta-nav\">&rarr;<\/span><\/a><\/p>\n","protected":false},"author":11,"featured_media":0,"comment_status":"open","ping_status":"open","sticky":false,"template":"","format":"standard","meta":{"ngg_post_thumbnail":0},"categories":[1],"tags":[],"_links":{"self":[{"href":"https:\/\/cpsanadrian.educacion.navarra.es\/blog\/wp-json\/wp\/v2\/posts\/5653"}],"collection":[{"href":"https:\/\/cpsanadrian.educacion.navarra.es\/blog\/wp-json\/wp\/v2\/posts"}],"about":[{"href":"https:\/\/cpsanadrian.educacion.navarra.es\/blog\/wp-json\/wp\/v2\/types\/post"}],"author":[{"embeddable":true,"href":"https:\/\/cpsanadrian.educacion.navarra.es\/blog\/wp-json\/wp\/v2\/users\/11"}],"replies":[{"embeddable":true,"href":"https:\/\/cpsanadrian.educacion.navarra.es\/blog\/wp-json\/wp\/v2\/comments?post=5653"}],"version-history":[{"count":11,"href":"https:\/\/cpsanadrian.educacion.navarra.es\/blog\/wp-json\/wp\/v2\/posts\/5653\/revisions"}],"predecessor-version":[{"id":7062,"href":"https:\/\/cpsanadrian.educacion.navarra.es\/blog\/wp-json\/wp\/v2\/posts\/5653\/revisions\/7062"}],"wp:attachment":[{"href":"https:\/\/cpsanadrian.educacion.navarra.es\/blog\/wp-json\/wp\/v2\/media?parent=5653"}],"wp:term":[{"taxonomy":"category","embeddable":true,"href":"https:\/\/cpsanadrian.educacion.navarra.es\/blog\/wp-json\/wp\/v2\/categories?post=5653"},{"taxonomy":"post_tag","embeddable":true,"href":"https:\/\/cpsanadrian.educacion.navarra.es\/blog\/wp-json\/wp\/v2\/tags?post=5653"}],"curies":[{"name":"wp","href":"https:\/\/api.w.org\/{rel}","templated":true}]}}