{"id":5983,"date":"2017-06-14T11:22:11","date_gmt":"2017-06-14T09:22:11","guid":{"rendered":"http:\/\/cpsanadrian.educacion.navarra.es\/blog\/?p=5983"},"modified":"2017-06-17T11:39:06","modified_gmt":"2017-06-17T09:39:06","slug":"viaje-de-estudios-de-sexto-14-15-y-16-de-junio","status":"publish","type":"post","link":"https:\/\/cpsanadrian.educacion.navarra.es\/blog\/2017\/06\/14\/viaje-de-estudios-de-sexto-14-15-y-16-de-junio\/","title":{"rendered":"Viaje de estudios de sexto 14, 15 y 16 de junio."},"content":{"rendered":"<p><a href=\"http:\/\/cpsanadrian.educacion.navarra.es\/blog\/wp-content\/uploads\/2017\/06\/2017-06-09_122138.jpg\"><img loading=\"lazy\" class=\"size-medium wp-image-5985 alignleft\" src=\"http:\/\/cpsanadrian.educacion.navarra.es\/blog\/wp-content\/uploads\/2017\/06\/2017-06-09_122138-224x300.jpg\" alt=\"\" width=\"224\" height=\"300\" srcset=\"https:\/\/cpsanadrian.educacion.navarra.es\/blog\/wp-content\/uploads\/2017\/06\/2017-06-09_122138-224x300.jpg 224w, https:\/\/cpsanadrian.educacion.navarra.es\/blog\/wp-content\/uploads\/2017\/06\/2017-06-09_122138.jpg 471w\" sizes=\"(max-width: 224px) 100vw, 224px\" \/><\/a>Los mayores del colegio se encuentran ya en el viaje de estudios de fin de Etapa. Acompa\u00f1ados de sus profesores pasar\u00e1n 3 d\u00edas visitando Barcelona, El Delta del Ebro y Port Aventura. \u00a1Seguro que lo pasan genial!<\/p>\n<p>Parte del d\u00eda (se ir\u00e1 redactando)&nbsp;<\/p>\n<ul>\n<li>D\u00eda 14. El viaje de San Adri\u00e1n a BCN se ha desarrollado con total normalidad. A mitad de camino hemos parado para que los ni\u00f1os almorzaran y fueran al ba\u00f1o. Una vez en Barcelona hemos hecho una visita \u00abpanor\u00e1mica\u00bb con el autob\u00fas y gu\u00eda por la ciudad: Sagrada Familia, Montjuic, Plaza Espa\u00f1a&#8230; Al medio d\u00eda hemos comido en un restaurante tipo buffet en la zona del Paseo Mar\u00edtimo y despu\u00e9s hemos dado un paseito por la BCN G\u00f3tica (catedral, calles del g\u00f3tico&#8230;). Sobre las 17:00 nos hemos trasladado a la Pineda y tras alojarnos hemos pasado la tarde en la playa. Acabamos de terminar de cenar y ahora iremos a un espect\u00e1culo que hay en el hotel. Todos los ni\u00f1os est\u00e1n bien y se los est\u00e1n pasando de maravilla. &nbsp;&nbsp;<a href=\"https:\/\/drive.google.com\/drive\/folders\/0BzkY68eCfv8RUjdVeHVGYV9sNnc\">Fotograf\u00edas<\/a><\/li>\n<li>D\u00eda 15. Hoy tambi\u00e9n hemos madrugado y a los ni\u00f1os les ha costado levantarse de la cama. Anoche la fiestilla del hotel se nos alarg\u00f3 un poco, pero mereci\u00f3 la pena, porque se lo pasaron muy bien. Despu\u00e9s del desayuno hemos ido al Delta del Ebro. Por el camino, hemos podido observar los paisajes tan bonitos que forman los arrozales. Una vez all\u00ed, hemos hecho un peque\u00f1o crucero por el Ebro hasta la desembocadura. La ma\u00f1ana estaba muy agradable y en el barquito y a la sombra perfecto. Tras hacer las compras de rigor (recuerdos y arroz de la marisma) hemos vuelto a La Pineda. Han comido muy bien y luego un ratito a las habitaciones a descansar un poco. A la tarde, una hora en la piscina y el resto jornada playera. Esta noche, planificamos ir de paseo para disfrutar del mar y \u00abdespedirnos\u00bb de \u00e9l. &nbsp;<a href=\"https:\/\/drive.google.com\/drive\/folders\/0BzkY68eCfv8RY2xIWHplZFJSUVE?usp=sharing\">Fotograf\u00edas<\/a><\/li>\n<li>D\u00eda 16. \u00a1No sab\u00edamos que hubiera tantos valientes en nuestro colegio! Un d\u00eda en Port Aventura espectacular. Los ni\u00f1os se lo han pasado en grande. &nbsp;<a href=\"https:\/\/drive.google.com\/drive\/folders\/0BzkY68eCfv8RaTMwSHp5MTU2MmM?usp=sharing\">Fotograf\u00edas<\/a><\/li>\n<\/ul>\n","protected":false},"excerpt":{"rendered":"<p>Los mayores del colegio se encuentran ya en el viaje de estudios de fin de Etapa. Acompa\u00f1ados de sus profesores pasar\u00e1n 3 d\u00edas visitando Barcelona, El Delta del Ebro y Port Aventura. \u00a1Seguro que lo pasan genial! Parte del d\u00eda (se ir\u00e1 redactando)&nbsp; D\u00eda 14. El viaje de San Adri\u00e1n a BCN se ha desarrollado &hellip; <a href=\"https:\/\/cpsanadrian.educacion.navarra.es\/blog\/2017\/06\/14\/viaje-de-estudios-de-sexto-14-15-y-16-de-junio\/\" class=\"more-link\">Seguir leyendo <span class=\"screen-reader-text\">Viaje de estudios de sexto 14, 15 y 16 de junio.<\/span> <span class=\"meta-nav\">&rarr;<\/span><\/a><\/p>\n","protected":false},"author":11,"featured_media":0,"comment_status":"open","ping_status":"open","sticky":false,"template":"","format":"standard","meta":{"ngg_post_thumbnail":0},"categories":[1],"tags":[],"_links":{"self":[{"href":"https:\/\/cpsanadrian.educacion.navarra.es\/blog\/wp-json\/wp\/v2\/posts\/5983"}],"collection":[{"href":"https:\/\/cpsanadrian.educacion.navarra.es\/blog\/wp-json\/wp\/v2\/posts"}],"about":[{"href":"https:\/\/cpsanadrian.educacion.navarra.es\/blog\/wp-json\/wp\/v2\/types\/post"}],"author":[{"embeddable":true,"href":"https:\/\/cpsanadrian.educacion.navarra.es\/blog\/wp-json\/wp\/v2\/users\/11"}],"replies":[{"embeddable":true,"href":"https:\/\/cpsanadrian.educacion.navarra.es\/blog\/wp-json\/wp\/v2\/comments?post=5983"}],"version-history":[{"count":7,"href":"https:\/\/cpsanadrian.educacion.navarra.es\/blog\/wp-json\/wp\/v2\/posts\/5983\/revisions"}],"predecessor-version":[{"id":6003,"href":"https:\/\/cpsanadrian.educacion.navarra.es\/blog\/wp-json\/wp\/v2\/posts\/5983\/revisions\/6003"}],"wp:attachment":[{"href":"https:\/\/cpsanadrian.educacion.navarra.es\/blog\/wp-json\/wp\/v2\/media?parent=5983"}],"wp:term":[{"taxonomy":"category","embeddable":true,"href":"https:\/\/cpsanadrian.educacion.navarra.es\/blog\/wp-json\/wp\/v2\/categories?post=5983"},{"taxonomy":"post_tag","embeddable":true,"href":"https:\/\/cpsanadrian.educacion.navarra.es\/blog\/wp-json\/wp\/v2\/tags?post=5983"}],"curies":[{"name":"wp","href":"https:\/\/api.w.org\/{rel}","templated":true}]}}