{"id":7173,"date":"2020-02-19T09:24:45","date_gmt":"2020-02-19T08:24:45","guid":{"rendered":"https:\/\/cpsanadrian.educacion.navarra.es\/blog\/?p=7173"},"modified":"2020-02-19T09:27:44","modified_gmt":"2020-02-19T08:27:44","slug":"los-de-4o-plantan-arboles","status":"publish","type":"post","link":"https:\/\/cpsanadrian.educacion.navarra.es\/blog\/2020\/02\/19\/los-de-4o-plantan-arboles\/","title":{"rendered":"El alumnado de 4\u00ba realiza labores de repoblaci\u00f3n"},"content":{"rendered":"\n<figure class=\"wp-block-image size-large\"><img loading=\"lazy\" width=\"1024\" height=\"624\" src=\"https:\/\/cpsanadrian.educacion.navarra.es\/blog\/wp-content\/uploads\/2020\/02\/IMG-20200218-WA0010-1-1024x624.jpg\" alt=\"\" class=\"wp-image-7174\" srcset=\"https:\/\/cpsanadrian.educacion.navarra.es\/blog\/wp-content\/uploads\/2020\/02\/IMG-20200218-WA0010-1-1024x624.jpg 1024w, https:\/\/cpsanadrian.educacion.navarra.es\/blog\/wp-content\/uploads\/2020\/02\/IMG-20200218-WA0010-1-300x183.jpg 300w, https:\/\/cpsanadrian.educacion.navarra.es\/blog\/wp-content\/uploads\/2020\/02\/IMG-20200218-WA0010-1-768x468.jpg 768w, https:\/\/cpsanadrian.educacion.navarra.es\/blog\/wp-content\/uploads\/2020\/02\/IMG-20200218-WA0010-1-1536x936.jpg 1536w, https:\/\/cpsanadrian.educacion.navarra.es\/blog\/wp-content\/uploads\/2020\/02\/IMG-20200218-WA0010-1.jpg 1600w\" sizes=\"(max-width: 1024px) 100vw, 1024px\" \/><figcaption>Foto de grupo<\/figcaption><\/figure>\n\n\n\n<p>El alumnado de  4\u00ba de Primaria colabor\u00f3 ayer con el Ayuntamiento de San Adri\u00e1n en labores de repoblaci\u00f3n de la localidad. Aprovechando la buena meteorolog\u00eda y acompa\u00f1ados por la concejala de Medio Ambiente, Lara Vicente, y sus tutores\/as, plantaron varios ejemplares en las inmediaciones del cementerio municipal. Una iniciativa con la que, adem\u00e1s de colaborar con su pueblo, tuvieron la oportunidad de conocer de primera mano c\u00f3mo realizar esta importante labor ecol\u00f3gica. <\/p>\n\n\n\n<p><a href=\"https:\/\/drive.google.com\/drive\/folders\/1lQWPHEYzPKcGKP-jZ2GEjjqpl-EcMAsP?usp=sharing\">Enlace a las fotograf\u00edas<\/a><\/p>\n","protected":false},"excerpt":{"rendered":"<p>El alumnado de 4\u00ba de Primaria colabor\u00f3 ayer con el Ayuntamiento de San Adri\u00e1n en labores de repoblaci\u00f3n de la localidad. Aprovechando la buena meteorolog\u00eda y acompa\u00f1ados por la concejala de Medio Ambiente, Lara Vicente, y sus tutores\/as, plantaron varios ejemplares en las inmediaciones del cementerio municipal. Una iniciativa con la que, adem\u00e1s de colaborar &hellip; <a href=\"https:\/\/cpsanadrian.educacion.navarra.es\/blog\/2020\/02\/19\/los-de-4o-plantan-arboles\/\" class=\"more-link\">Seguir leyendo <span class=\"screen-reader-text\">El alumnado de 4\u00ba realiza labores de repoblaci\u00f3n<\/span> <span class=\"meta-nav\">&rarr;<\/span><\/a><\/p>\n","protected":false},"author":11,"featured_media":0,"comment_status":"open","ping_status":"open","sticky":false,"template":"","format":"standard","meta":{"ngg_post_thumbnail":0},"categories":[1],"tags":[],"_links":{"self":[{"href":"https:\/\/cpsanadrian.educacion.navarra.es\/blog\/wp-json\/wp\/v2\/posts\/7173"}],"collection":[{"href":"https:\/\/cpsanadrian.educacion.navarra.es\/blog\/wp-json\/wp\/v2\/posts"}],"about":[{"href":"https:\/\/cpsanadrian.educacion.navarra.es\/blog\/wp-json\/wp\/v2\/types\/post"}],"author":[{"embeddable":true,"href":"https:\/\/cpsanadrian.educacion.navarra.es\/blog\/wp-json\/wp\/v2\/users\/11"}],"replies":[{"embeddable":true,"href":"https:\/\/cpsanadrian.educacion.navarra.es\/blog\/wp-json\/wp\/v2\/comments?post=7173"}],"version-history":[{"count":4,"href":"https:\/\/cpsanadrian.educacion.navarra.es\/blog\/wp-json\/wp\/v2\/posts\/7173\/revisions"}],"predecessor-version":[{"id":7178,"href":"https:\/\/cpsanadrian.educacion.navarra.es\/blog\/wp-json\/wp\/v2\/posts\/7173\/revisions\/7178"}],"wp:attachment":[{"href":"https:\/\/cpsanadrian.educacion.navarra.es\/blog\/wp-json\/wp\/v2\/media?parent=7173"}],"wp:term":[{"taxonomy":"category","embeddable":true,"href":"https:\/\/cpsanadrian.educacion.navarra.es\/blog\/wp-json\/wp\/v2\/categories?post=7173"},{"taxonomy":"post_tag","embeddable":true,"href":"https:\/\/cpsanadrian.educacion.navarra.es\/blog\/wp-json\/wp\/v2\/tags?post=7173"}],"curies":[{"name":"wp","href":"https:\/\/api.w.org\/{rel}","templated":true}]}}