{"id":7346,"date":"2020-06-05T17:30:06","date_gmt":"2020-06-05T15:30:06","guid":{"rendered":"https:\/\/cpsanadrian.educacion.navarra.es\/blog\/?p=7346"},"modified":"2020-06-05T17:30:06","modified_gmt":"2020-06-05T15:30:06","slug":"matricula-escuela-de-musica-20-21","status":"publish","type":"post","link":"https:\/\/cpsanadrian.educacion.navarra.es\/blog\/2020\/06\/05\/matricula-escuela-de-musica-20-21\/","title":{"rendered":"Matr\u00edcula Escuela de M\u00fasica 20\/21"},"content":{"rendered":"\n<p>Del 10 al 16 de junio comenzar\u00e1n las matr\u00edculas en la Escuela Municipal de M\u00fasica de San Adri\u00e1n de 11:00 a 13:00 y de 19:00 a 20:30. El alumnado ya matriculado durante este curso lo har\u00e1 el 10, 11 y 12, y el nuevo alumnado los d\u00edas 15 y 16.  El importe de la matr\u00edcula es de 30\u20ac.<\/p>\n\n\n\n<p class=\"has-text-align-center\"><a href=\"https:\/\/drive.google.com\/file\/d\/1LXeeM8GdG6c0ceR5RBoqC3RJ0w6o053U\/view?usp=sharing\" target=\"_blank\" rel=\"noreferrer noopener\">ENLACE AL V\u00cdDEO PROMOCIONAL <\/a><\/p>\n\n\n\n<p><strong>Talleres de m\u00fasica y movimiento (4, 5 y 6 a\u00f1os)<\/strong>. Instrumentos de peque\u00f1a percusi\u00f3n, metodolog\u00eda basada en xil\u00f3fonos.<\/p>\n\n\n\n<p><strong>Lenguaje Musical (A partir de 7 a\u00f1os)<\/strong> Agrupaci\u00f3n coral, instrumental y solfeo adultos.<\/p>\n\n\n\n<p><strong>Instrumentos:<\/strong> Viol\u00edn\/viola, guitarra espa\u00f1ola\/el\u00e9ctrica, piano, flauta travesera, clarinete, saxof\u00f3n, tromb\u00f3n de varas, trompeta, trompa, tuba y bombardino, acorde\u00f3n, bater\u00eda y percusi\u00f3n (con 15 min de piano), gaita y tambor, canto moderno, coro, grupo combo, banda chiqui&#8230;<\/p>\n\n\n\n<p>Para solicitar impresos y m\u00e1s informaci\u00f3n dirigirse a escuelamusica@sanadrian.net. Tambi\u00e9n se puede realizar la matr\u00edcula v\u00eda telem\u00e1tica. Tel\u00e9fono: 948672119<\/p>\n","protected":false},"excerpt":{"rendered":"<p>Del 10 al 16 de junio comenzar\u00e1n las matr\u00edculas en la Escuela Municipal de M\u00fasica de San Adri\u00e1n de 11:00 a 13:00 y de 19:00 a 20:30. El alumnado ya matriculado durante este curso lo har\u00e1 el 10, 11 y 12, y el nuevo alumnado los d\u00edas 15 y 16. El importe de la matr\u00edcula &hellip; <a href=\"https:\/\/cpsanadrian.educacion.navarra.es\/blog\/2020\/06\/05\/matricula-escuela-de-musica-20-21\/\" class=\"more-link\">Seguir leyendo <span class=\"screen-reader-text\">Matr\u00edcula Escuela de M\u00fasica 20\/21<\/span> <span class=\"meta-nav\">&rarr;<\/span><\/a><\/p>\n","protected":false},"author":11,"featured_media":0,"comment_status":"open","ping_status":"open","sticky":false,"template":"","format":"standard","meta":{"ngg_post_thumbnail":0},"categories":[1],"tags":[],"_links":{"self":[{"href":"https:\/\/cpsanadrian.educacion.navarra.es\/blog\/wp-json\/wp\/v2\/posts\/7346"}],"collection":[{"href":"https:\/\/cpsanadrian.educacion.navarra.es\/blog\/wp-json\/wp\/v2\/posts"}],"about":[{"href":"https:\/\/cpsanadrian.educacion.navarra.es\/blog\/wp-json\/wp\/v2\/types\/post"}],"author":[{"embeddable":true,"href":"https:\/\/cpsanadrian.educacion.navarra.es\/blog\/wp-json\/wp\/v2\/users\/11"}],"replies":[{"embeddable":true,"href":"https:\/\/cpsanadrian.educacion.navarra.es\/blog\/wp-json\/wp\/v2\/comments?post=7346"}],"version-history":[{"count":1,"href":"https:\/\/cpsanadrian.educacion.navarra.es\/blog\/wp-json\/wp\/v2\/posts\/7346\/revisions"}],"predecessor-version":[{"id":7347,"href":"https:\/\/cpsanadrian.educacion.navarra.es\/blog\/wp-json\/wp\/v2\/posts\/7346\/revisions\/7347"}],"wp:attachment":[{"href":"https:\/\/cpsanadrian.educacion.navarra.es\/blog\/wp-json\/wp\/v2\/media?parent=7346"}],"wp:term":[{"taxonomy":"category","embeddable":true,"href":"https:\/\/cpsanadrian.educacion.navarra.es\/blog\/wp-json\/wp\/v2\/categories?post=7346"},{"taxonomy":"post_tag","embeddable":true,"href":"https:\/\/cpsanadrian.educacion.navarra.es\/blog\/wp-json\/wp\/v2\/tags?post=7346"}],"curies":[{"name":"wp","href":"https:\/\/api.w.org\/{rel}","templated":true}]}}