{"id":7600,"date":"2021-05-24T09:41:00","date_gmt":"2021-05-24T07:41:00","guid":{"rendered":"https:\/\/cpsanadrian.educacion.navarra.es\/blog\/?p=7600"},"modified":"2021-05-24T12:58:14","modified_gmt":"2021-05-24T10:58:14","slug":"sorteo-yo-hago-almuerzos-saludables","status":"publish","type":"post","link":"https:\/\/cpsanadrian.educacion.navarra.es\/blog\/2021\/05\/24\/sorteo-yo-hago-almuerzos-saludables\/","title":{"rendered":"Sorteo \u00abYo hago almuerzos saludables\u00bb"},"content":{"rendered":"\n<div class=\"wp-block-image\"><figure class=\"alignright\"><a href=\"http:\/\/cpsanadrian.educacion.navarra.es\/blog\/wp-content\/uploads\/2018\/11\/dasdasdasd-001-724x1024.jpg\"><img loading=\"lazy\" width=\"223\" height=\"300\" src=\"http:\/\/cpsanadrian.educacion.navarra.es\/blog\/wp-content\/uploads\/2018\/11\/dasdasdasd-001-724x1024-223x300.jpg\" alt=\"\" class=\"wp-image-6576\" srcset=\"https:\/\/cpsanadrian.educacion.navarra.es\/blog\/wp-content\/uploads\/2018\/11\/dasdasdasd-001-724x1024-223x300.jpg 223w, https:\/\/cpsanadrian.educacion.navarra.es\/blog\/wp-content\/uploads\/2018\/11\/dasdasdasd-001-724x1024.jpg 415w\" sizes=\"(max-width: 223px) 100vw, 223px\" \/><\/a><\/figure><\/div>\n\n\n\n<p>Seguimos avanzando con la campa\u00f1a \u201cYo hago Almuerzos Saludables\u201d, dirigida a fomentar unos buenos h\u00e1bitos con nuestro alumnado. Peri\u00f3dicamente seleccionaremos al azar 4 cursos de las diferentes etapas y un n\u00famero entre el alumnado. Si comprobamos que esos 4 alumnos\/as han tra\u00eddo el almuerzo seg\u00fan lo marcado en el centro ,recibir\u00e1n un premio.&nbsp;&nbsp;<strong>Hoy hemos celebrado el sorteo correspondiente a abril y mayo <\/strong>y ha tocado al alumno\/a n\u00famero 16 seg\u00fan la plataforma EDUCA. <\/p>\n\n\n\n<p>Recordad:&nbsp;<\/p>\n\n\n\n<figure class=\"wp-block-table\"><table><tbody><tr><td><strong>Infantil y 1\u00ba, 2\u00ba Primaria (3 a 8 a\u00f1os)<\/strong><\/td><\/tr><tr><td><strong>Lunes<\/strong><\/td><td>Martes<\/td><td>Mi\u00e9rcoles<\/td><td>Jueves<\/td><td>Viernes<\/td><\/tr><tr><td>Fruta<\/td><td>L\u00e1cteo<\/td><td>Fruta<\/td><td>Bocadillo<\/td><td>Libre<\/td><\/tr><\/tbody><\/table><\/figure>\n\n\n\n<figure class=\"wp-block-table\"><table><tbody><tr><td><strong>3\u00ba a 6\u00ba Primaria &nbsp;(9 a 12 a\u00f1os)<\/strong><\/td><\/tr><tr><td><strong>Lunes<\/strong><\/td><td>Martes<\/td><td>Mi\u00e9rcoles<\/td><td>Jueves<\/td><td>Viernes<\/td><\/tr><tr><td>Fruta<\/td><td>Bocadillo<\/td><td>Fruta<\/td><td>Bocadillo<\/td><td>Libre<\/td><\/tr><\/tbody><\/table><\/figure>\n\n\n\n<p id=\"block-b22ea114-ff37-4f46-a1dc-30c924292261\">Premiados\/as:<\/p>\n\n\n\n<p>UT- Manuel Gil<\/p>\n\n\n\n<p>1\u00baA &#8211; Akdram Kahmidi<\/p>\n\n\n\n<p>1\u00baB Nerea Pellejero<\/p>\n\n\n\n<p>3\u00baC &#8211; Charaf Mobtil<\/p>\n\n\n\n<p>4 a\u00f1os C &#8211; Izhan Vegliante<\/p>\n\n\n\n<p>5\u00baA &#8211; M\u00eda Medrano<\/p>\n\n\n\n<p>5a\u00f1os C &#8211; Alejandro Quispe<\/p>\n\n\n\n<p>4 a\u00f1os E &#8211; Israe Zaroual <\/p>\n\n\n\n<p id=\"block-3c69e5bf-79a3-4ae1-b16b-01a51d6f78c5\"><a rel=\"noreferrer noopener\" href=\"https:\/\/drive.google.com\/drive\/folders\/1w_9VW4lnbC2ySJ5o0zbZkcc5JqaPr4nb?usp=sharing\" target=\"_blank\">Enlace a las fotograf\u00edas<\/a><\/p>\n","protected":false},"excerpt":{"rendered":"<p>Seguimos avanzando con la campa\u00f1a \u201cYo hago Almuerzos Saludables\u201d, dirigida a fomentar unos buenos h\u00e1bitos con nuestro alumnado. Peri\u00f3dicamente seleccionaremos al azar 4 cursos de las diferentes etapas y un n\u00famero entre el alumnado. Si comprobamos que esos 4 alumnos\/as han tra\u00eddo el almuerzo seg\u00fan lo marcado en el centro ,recibir\u00e1n un premio.&nbsp;&nbsp;Hoy hemos celebrado &hellip; <a href=\"https:\/\/cpsanadrian.educacion.navarra.es\/blog\/2021\/05\/24\/sorteo-yo-hago-almuerzos-saludables\/\" class=\"more-link\">Seguir leyendo <span class=\"screen-reader-text\">Sorteo \u00abYo hago almuerzos saludables\u00bb<\/span> <span class=\"meta-nav\">&rarr;<\/span><\/a><\/p>\n","protected":false},"author":11,"featured_media":0,"comment_status":"open","ping_status":"open","sticky":false,"template":"","format":"standard","meta":{"ngg_post_thumbnail":0},"categories":[1],"tags":[],"_links":{"self":[{"href":"https:\/\/cpsanadrian.educacion.navarra.es\/blog\/wp-json\/wp\/v2\/posts\/7600"}],"collection":[{"href":"https:\/\/cpsanadrian.educacion.navarra.es\/blog\/wp-json\/wp\/v2\/posts"}],"about":[{"href":"https:\/\/cpsanadrian.educacion.navarra.es\/blog\/wp-json\/wp\/v2\/types\/post"}],"author":[{"embeddable":true,"href":"https:\/\/cpsanadrian.educacion.navarra.es\/blog\/wp-json\/wp\/v2\/users\/11"}],"replies":[{"embeddable":true,"href":"https:\/\/cpsanadrian.educacion.navarra.es\/blog\/wp-json\/wp\/v2\/comments?post=7600"}],"version-history":[{"count":3,"href":"https:\/\/cpsanadrian.educacion.navarra.es\/blog\/wp-json\/wp\/v2\/posts\/7600\/revisions"}],"predecessor-version":[{"id":7718,"href":"https:\/\/cpsanadrian.educacion.navarra.es\/blog\/wp-json\/wp\/v2\/posts\/7600\/revisions\/7718"}],"wp:attachment":[{"href":"https:\/\/cpsanadrian.educacion.navarra.es\/blog\/wp-json\/wp\/v2\/media?parent=7600"}],"wp:term":[{"taxonomy":"category","embeddable":true,"href":"https:\/\/cpsanadrian.educacion.navarra.es\/blog\/wp-json\/wp\/v2\/categories?post=7600"},{"taxonomy":"post_tag","embeddable":true,"href":"https:\/\/cpsanadrian.educacion.navarra.es\/blog\/wp-json\/wp\/v2\/tags?post=7600"}],"curies":[{"name":"wp","href":"https:\/\/api.w.org\/{rel}","templated":true}]}}