{"id":7602,"date":"2021-03-09T14:48:37","date_gmt":"2021-03-09T13:48:37","guid":{"rendered":"https:\/\/cpsanadrian.educacion.navarra.es\/blog\/?p=7602"},"modified":"2021-03-26T13:17:41","modified_gmt":"2021-03-26T12:17:41","slug":"actividades-dia-de-la-mujer","status":"publish","type":"post","link":"https:\/\/cpsanadrian.educacion.navarra.es\/blog\/2021\/03\/09\/actividades-dia-de-la-mujer\/","title":{"rendered":"Actividades d\u00eda de la Mujer"},"content":{"rendered":"\n<figure class=\"wp-block-image size-large is-resized\"><a href=\"https:\/\/cpsanadrian.educacion.navarra.es\/blog\/wp-content\/uploads\/2021\/03\/VAMOS-A-VER-SI-HAS-ACERTADO.jpg\"><img loading=\"lazy\" src=\"https:\/\/cpsanadrian.educacion.navarra.es\/blog\/wp-content\/uploads\/2021\/03\/VAMOS-A-VER-SI-HAS-ACERTADO.jpg\" alt=\"\" class=\"wp-image-7603\" width=\"268\" height=\"151\" srcset=\"https:\/\/cpsanadrian.educacion.navarra.es\/blog\/wp-content\/uploads\/2021\/03\/VAMOS-A-VER-SI-HAS-ACERTADO.jpg 960w, https:\/\/cpsanadrian.educacion.navarra.es\/blog\/wp-content\/uploads\/2021\/03\/VAMOS-A-VER-SI-HAS-ACERTADO-300x169.jpg 300w, https:\/\/cpsanadrian.educacion.navarra.es\/blog\/wp-content\/uploads\/2021\/03\/VAMOS-A-VER-SI-HAS-ACERTADO-768x432.jpg 768w\" sizes=\"(max-width: 268px) 100vw, 268px\" \/><\/a><figcaption>Ejemplo de la actividad de 2\u00ba EP<\/figcaption><\/figure>\n\n\n\n<p>Con motivo de la celebraci\u00f3n del D\u00eda Internacional de la Mujer y coordinado desde la Comisi\u00f3n SKOLAE de nuestro centro, se desarrollaron en los diferentes niveles muy diversas actividades de aula. He aqu\u00ed una muestra de ellas:<\/p>\n\n\n\n<ul><li>ACTIVIDAD DEL COMEDOR<ul><li>Valiente Valentina <a href=\"https:\/\/drive.google.com\/file\/d\/19VO2x3_Rzr_rYs08urAV12ywqyDB3WED\/view?usp=sharing\" target=\"_blank\" rel=\"noreferrer noopener\">(Enlace al v\u00eddeo)<\/a><\/li><\/ul><\/li><li>INFANTIL<ul><li>4 a\u00f1os &#8211; Visionado del v\u00eddeo del cuento \u00abUna feliz cat\u00e1strofe\u00bb  y posterior tertulia dial\u00f3gica del cuento para reflexionar sobre la importancia de repartir las tareas en casa para que despu\u00e9s tengamos m\u00e1s tiempo para compartir en familia con el correspondiente dibujo del cuento y de su mam\u00e1. <a rel=\"noreferrer noopener\" href=\"https:\/\/drive.google.com\/drive\/folders\/1o3GdU85MWXmwXqgqMZh89nOztBU14GY3?usp=sharing\" target=\"_blank\">Enlace a las fotograf\u00edas<\/a><\/li><li>5 a\u00f1os &#8211; Actividad en honor a la pintora Frida Khalo. <a rel=\"noreferrer noopener\" href=\"https:\/\/drive.google.com\/drive\/folders\/1v57x_hw3SY78nvzsG0QOyq987-rGoxHG?usp=sharing\" target=\"_blank\">Enlace al v\u00eddeo y a las fotograf\u00edas<\/a><\/li><\/ul><\/li><li>PRIMARIA<ul><li>1\u00ba EP &#8211;  Actividad \u00abLos oficios sin estereotipos\u00bb <a rel=\"noreferrer noopener\" href=\"https:\/\/drive.google.com\/drive\/folders\/15hl8rKL_mUJ64SPo9oTUNJ0eZANleeWZ?usp=sharing\" target=\"_blank\">Enlace a las fotograf\u00edas<\/a><\/li><li>2\u00ba EP &#8211; \u00abVamos a ver si has acertado\u00bb.  Se les mostraba al alumnado una presentaci\u00f3n con fotograf\u00edas de diferentes profesiones y el alumnado ten\u00eda que adivinar el g\u00e9nero de la persona. Se han llevado una grata sorpresa, ya que <strong>hemos contado con la colaboraci\u00f3n de la Presidenta de Navarra<\/strong>, as\u00ed como diferentes madres del centro. Tambi\u00e9n han realizado una actividad en EF para romper los estereotipos en el deporte.  <a rel=\"noreferrer noopener\" href=\"https:\/\/drive.google.com\/drive\/folders\/1B1dgcbxXE-9qvPPGmjYlVnygLml2M1K-?usp=sharing\" target=\"_blank\">Enlace a las fotograf\u00edas y power point <\/a> \/ <a rel=\"noreferrer noopener\" href=\"https:\/\/drive.google.com\/file\/d\/1itfr7czU9i_cZcFJQ1FohMGtt8oQtqMA\/view?usp=sharing\" target=\"_blank\">Enlace al V\u00eddeo de la actividad \u00abRompiendo estereotipos\u00bb<\/a><\/li><li>3\u00ba EP &#8211; Actividad \u00bb Los oficios sin estereotipos\u00bb <a rel=\"noreferrer noopener\" href=\"https:\/\/drive.google.com\/drive\/folders\/1oseUXNbMgng7oogb-mj5J7Elq9UQHv5W?usp=sharing\" target=\"_blank\">Enlace a las fotograf\u00edas<\/a><\/li><li>4\u00ba EP.  Una entrevista a la Concejala Conchi Ruiz de San Adri\u00e1n,  una charla organizada y financiada por la Asociaci\u00f3n de Mujeres de San Adri\u00e1n y una actividad de las pioneras en el deporte   <a rel=\"noreferrer noopener\" href=\"https:\/\/drive.google.com\/drive\/folders\/1H8R-M0RfTuGCf8DeCm7YofrwB-EiSfnj?usp=sharing\" target=\"_blank\">Fotograf\u00edas de las actividades<\/a><\/li><li>6\u00ba EP &#8211; Actividad \u00bb Los oficios sin estereotipos\u00bb <a rel=\"noreferrer noopener\" href=\"https:\/\/drive.google.com\/drive\/folders\/15LlWg7aZLpKB9ctrRBhBOoN10VKs2tVl?usp=sharing\" target=\"_blank\">Enlace a las fotograf\u00edas<\/a><\/li><\/ul><\/li><\/ul>\n\n\n\n<p><\/p>\n","protected":false},"excerpt":{"rendered":"<p>Con motivo de la celebraci\u00f3n del D\u00eda Internacional de la Mujer y coordinado desde la Comisi\u00f3n SKOLAE de nuestro centro, se desarrollaron en los diferentes niveles muy diversas actividades de aula. He aqu\u00ed una muestra de ellas: ACTIVIDAD DEL COMEDOR Valiente Valentina (Enlace al v\u00eddeo) INFANTIL 4 a\u00f1os &#8211; Visionado del v\u00eddeo del cuento \u00abUna &hellip; <a href=\"https:\/\/cpsanadrian.educacion.navarra.es\/blog\/2021\/03\/09\/actividades-dia-de-la-mujer\/\" class=\"more-link\">Seguir leyendo <span class=\"screen-reader-text\">Actividades d\u00eda de la Mujer<\/span> <span class=\"meta-nav\">&rarr;<\/span><\/a><\/p>\n","protected":false},"author":11,"featured_media":0,"comment_status":"open","ping_status":"open","sticky":false,"template":"","format":"standard","meta":{"ngg_post_thumbnail":0},"categories":[1],"tags":[],"_links":{"self":[{"href":"https:\/\/cpsanadrian.educacion.navarra.es\/blog\/wp-json\/wp\/v2\/posts\/7602"}],"collection":[{"href":"https:\/\/cpsanadrian.educacion.navarra.es\/blog\/wp-json\/wp\/v2\/posts"}],"about":[{"href":"https:\/\/cpsanadrian.educacion.navarra.es\/blog\/wp-json\/wp\/v2\/types\/post"}],"author":[{"embeddable":true,"href":"https:\/\/cpsanadrian.educacion.navarra.es\/blog\/wp-json\/wp\/v2\/users\/11"}],"replies":[{"embeddable":true,"href":"https:\/\/cpsanadrian.educacion.navarra.es\/blog\/wp-json\/wp\/v2\/comments?post=7602"}],"version-history":[{"count":4,"href":"https:\/\/cpsanadrian.educacion.navarra.es\/blog\/wp-json\/wp\/v2\/posts\/7602\/revisions"}],"predecessor-version":[{"id":7626,"href":"https:\/\/cpsanadrian.educacion.navarra.es\/blog\/wp-json\/wp\/v2\/posts\/7602\/revisions\/7626"}],"wp:attachment":[{"href":"https:\/\/cpsanadrian.educacion.navarra.es\/blog\/wp-json\/wp\/v2\/media?parent=7602"}],"wp:term":[{"taxonomy":"category","embeddable":true,"href":"https:\/\/cpsanadrian.educacion.navarra.es\/blog\/wp-json\/wp\/v2\/categories?post=7602"},{"taxonomy":"post_tag","embeddable":true,"href":"https:\/\/cpsanadrian.educacion.navarra.es\/blog\/wp-json\/wp\/v2\/tags?post=7602"}],"curies":[{"name":"wp","href":"https:\/\/api.w.org\/{rel}","templated":true}]}}