{"id":8324,"date":"2024-09-06T12:09:00","date_gmt":"2024-09-06T10:09:00","guid":{"rendered":"https:\/\/cpsanadrian.educacion.navarra.es\/blog\/?p=8324"},"modified":"2024-09-06T13:41:31","modified_gmt":"2024-09-06T11:41:31","slug":"comienza-el-curso-24-25","status":"publish","type":"post","link":"https:\/\/cpsanadrian.educacion.navarra.es\/blog\/2024\/09\/06\/comienza-el-curso-24-25\/","title":{"rendered":"\u00a1Comienza el curso 24\/25!"},"content":{"rendered":"\n<p>El curso est\u00e1 a punto de comenzar y queremos informaros de aspectos importantes a tener en cuenta:<\/p>\n\n\n\n<p><strong>1\u00ba Las clases comenzar\u00e1n el pr\u00f3ximo lunes 9 de septiembre. Durante este primer d\u00eda haremos una entrada escalonada durante 30 minutos para que sea m\u00e1s c\u00f3modo para todos\/as. Por ello podr\u00e1n acceder al centro entre las 8:45h y las 9:15h (momento en el que se cerrar\u00e1n las puertas). El resto de los d\u00edas la entra ser\u00e1 la habitual de 8:45 a 8:50<\/strong>.<\/p>\n\n\n\n<ul><li>El alumnado acceder\u00e1 por las puertas establecidas seg\u00fan edades: <ul><li>3 a\u00f1os Infantil. Se explicar\u00e1 en la reuni\u00f3n espec\u00edfica ya que su entrada se producir\u00e1 m\u00e1s tarde. <\/li><li>4  a\u00f1os: puerta izquierda del edificio de Infantil. (Situ\u00e1ndonos frente al edificio)<\/li><li>5 a\u00f1os: puerta derecha del edificio de Infantil. (Situ\u00e1ndonos frente al edificio)<\/li><li>1\u00ba y 2\u00ba de Primaria. Puerta junto al ascensor. <\/li><li>3\u00ba y 4\u00ba de Primaria. Puerta principal de los porches.<\/li><li>5\u00ba y 6\u00ba de Primaria. Puerta del campo de f\u00fatbol. <\/li><\/ul><\/li><li>Las familias no rebasar\u00e1n la zona establecida. El profesorado al completo estar\u00e1 recibiendo y acompa\u00f1ando a los ni\u00f1os\/as a sus clases. <\/li><li>No deben traer todo el material\/libros el primer d\u00eda. Es mejor que lo vayan trayendo de manera escalonada y teniendo en cuenta lo que los ni\u00f1os\/as pueden llevar de manera aut\u00f3noma. Consultad lo que ha establecido para cada nivel el profesorado al respecto: <a href=\"https:\/\/cpsanadrian.educacion.navarra.es\/blog\/libros-y-materiales\/\" target=\"_blank\" rel=\"noreferrer noopener\">Libros y materiales 24\/25<\/a><\/li><li>Recogida ni\u00f1os\/as a las 14:00 sin rebasar las zonas establecidas:<ul><li>3 a\u00f1os Infantil. Se explicar\u00e1 en la reuni\u00f3n espec\u00edfica ya que su entrada se producir\u00e1 m\u00e1s tarde. <\/li><\/ul><ul><li>4 a\u00f1os Infantil. Zona delantera del edificio.  <\/li><li>5 a\u00f1os Infantil. Zona trasera del edificio. <\/li><li>1\u00ba y 2\u00ba de Primaria. Puerta junto al ascensor. <\/li><li>3\u00ba y 4\u00ba de Primaria. Puerta principal de los porches.<\/li><li>5\u00ba y 6\u00ba de Primaria. Puerta del campo de f\u00fatbol. <\/li><\/ul><\/li><\/ul>\n\n\n\n<p><strong>2\u00ba La reuni\u00f3n para las familias del alumnado de 3 a\u00f1os (nueva incorporaci\u00f3n) tendr\u00e1 lugar el mi\u00e9rcoles 4 de septiembre a las 12:00 en el aula ikasnova. Acceso por la puerta principal de los porches.<\/strong><\/p>\n\n\n\n<p><strong>3\u00ba La semana del 2 al 6 de septiembre enviaremos un correo a las familias a trav\u00e9s de Educa en el que les indicaremos el grupo al que pertenece su hijo\/a as\u00ed como el nombre del tutor\/a asignado para el curso. <\/strong><\/p>\n\n\n\n<p><strong>4\u00ba <a href=\"https:\/\/cpsanadrian.educacion.navarra.es\/blog\/calendario-escolar-24-25\/\">El calendario del curso 24\/25 lo pod\u00e9is consultar aqu\u00ed. <\/a><\/strong><\/p>\n","protected":false},"excerpt":{"rendered":"<p>El curso est\u00e1 a punto de comenzar y queremos informaros de aspectos importantes a tener en cuenta: 1\u00ba Las clases comenzar\u00e1n el pr\u00f3ximo lunes 9 de septiembre. Durante este primer d\u00eda haremos una entrada escalonada durante 30 minutos para que sea m\u00e1s c\u00f3modo para todos\/as. Por ello podr\u00e1n acceder al centro entre las 8:45h y &hellip; <a href=\"https:\/\/cpsanadrian.educacion.navarra.es\/blog\/2024\/09\/06\/comienza-el-curso-24-25\/\" class=\"more-link\">Seguir leyendo <span class=\"screen-reader-text\">\u00a1Comienza el curso 24\/25!<\/span> <span class=\"meta-nav\">&rarr;<\/span><\/a><\/p>\n","protected":false},"author":11,"featured_media":0,"comment_status":"open","ping_status":"open","sticky":false,"template":"","format":"standard","meta":{"ngg_post_thumbnail":0},"categories":[1],"tags":[],"_links":{"self":[{"href":"https:\/\/cpsanadrian.educacion.navarra.es\/blog\/wp-json\/wp\/v2\/posts\/8324"}],"collection":[{"href":"https:\/\/cpsanadrian.educacion.navarra.es\/blog\/wp-json\/wp\/v2\/posts"}],"about":[{"href":"https:\/\/cpsanadrian.educacion.navarra.es\/blog\/wp-json\/wp\/v2\/types\/post"}],"author":[{"embeddable":true,"href":"https:\/\/cpsanadrian.educacion.navarra.es\/blog\/wp-json\/wp\/v2\/users\/11"}],"replies":[{"embeddable":true,"href":"https:\/\/cpsanadrian.educacion.navarra.es\/blog\/wp-json\/wp\/v2\/comments?post=8324"}],"version-history":[{"count":12,"href":"https:\/\/cpsanadrian.educacion.navarra.es\/blog\/wp-json\/wp\/v2\/posts\/8324\/revisions"}],"predecessor-version":[{"id":9436,"href":"https:\/\/cpsanadrian.educacion.navarra.es\/blog\/wp-json\/wp\/v2\/posts\/8324\/revisions\/9436"}],"wp:attachment":[{"href":"https:\/\/cpsanadrian.educacion.navarra.es\/blog\/wp-json\/wp\/v2\/media?parent=8324"}],"wp:term":[{"taxonomy":"category","embeddable":true,"href":"https:\/\/cpsanadrian.educacion.navarra.es\/blog\/wp-json\/wp\/v2\/categories?post=8324"},{"taxonomy":"post_tag","embeddable":true,"href":"https:\/\/cpsanadrian.educacion.navarra.es\/blog\/wp-json\/wp\/v2\/tags?post=8324"}],"curies":[{"name":"wp","href":"https:\/\/api.w.org\/{rel}","templated":true}]}}