{"id":8631,"date":"2023-03-13T14:46:37","date_gmt":"2023-03-13T13:46:37","guid":{"rendered":"https:\/\/cpsanadrian.educacion.navarra.es\/blog\/?p=8631"},"modified":"2023-03-13T15:06:30","modified_gmt":"2023-03-13T14:06:30","slug":"taller-de-alimentacion-saludable","status":"publish","type":"post","link":"https:\/\/cpsanadrian.educacion.navarra.es\/blog\/2023\/03\/13\/taller-de-alimentacion-saludable\/","title":{"rendered":"Taller de alimentaci\u00f3n saludable"},"content":{"rendered":"\n<p>Gracias a las distintas colaboraciones de la comunidad educativa de nuestro centro, cada d\u00eda creamos m\u00e1s y mejores oportunidades de aprendizaje para nuestro alumnado. En esta ocasi\u00f3n la tem\u00e1tica ha sido la alimentaci\u00f3n saludable dirigida al alumnado de 1\u00ba de Primaria y el ponente ha sido el profesor y cocinero Eneko Madinabeitia, padre de la alumna de 1D, Haizea.<\/p>\n\n\n\n<figure class=\"wp-block-image size-full is-resized\"><a href=\"https:\/\/cpsanadrian.educacion.navarra.es\/blog\/wp-content\/uploads\/2023\/03\/20230313_123716.jpg\"><img loading=\"lazy\" src=\"https:\/\/cpsanadrian.educacion.navarra.es\/blog\/wp-content\/uploads\/2023\/03\/20230313_123716.jpg\" alt=\"\" class=\"wp-image-8632\" width=\"485\" height=\"364\" srcset=\"https:\/\/cpsanadrian.educacion.navarra.es\/blog\/wp-content\/uploads\/2023\/03\/20230313_123716.jpg 400w, https:\/\/cpsanadrian.educacion.navarra.es\/blog\/wp-content\/uploads\/2023\/03\/20230313_123716-300x225.jpg 300w\" sizes=\"(max-width: 485px) 100vw, 485px\" \/><\/a><figcaption>En plena exposici\u00f3n<\/figcaption><\/figure>\n","protected":false},"excerpt":{"rendered":"<p>Gracias a las distintas colaboraciones de la comunidad educativa de nuestro centro, cada d\u00eda creamos m\u00e1s y mejores oportunidades de aprendizaje para nuestro alumnado. En esta ocasi\u00f3n la tem\u00e1tica ha sido la alimentaci\u00f3n saludable dirigida al alumnado de 1\u00ba de Primaria y el ponente ha sido el profesor y cocinero Eneko Madinabeitia, padre de la &hellip; <a href=\"https:\/\/cpsanadrian.educacion.navarra.es\/blog\/2023\/03\/13\/taller-de-alimentacion-saludable\/\" class=\"more-link\">Seguir leyendo <span class=\"screen-reader-text\">Taller de alimentaci\u00f3n saludable<\/span> <span class=\"meta-nav\">&rarr;<\/span><\/a><\/p>\n","protected":false},"author":11,"featured_media":0,"comment_status":"open","ping_status":"open","sticky":false,"template":"","format":"standard","meta":{"ngg_post_thumbnail":0},"categories":[1],"tags":[],"_links":{"self":[{"href":"https:\/\/cpsanadrian.educacion.navarra.es\/blog\/wp-json\/wp\/v2\/posts\/8631"}],"collection":[{"href":"https:\/\/cpsanadrian.educacion.navarra.es\/blog\/wp-json\/wp\/v2\/posts"}],"about":[{"href":"https:\/\/cpsanadrian.educacion.navarra.es\/blog\/wp-json\/wp\/v2\/types\/post"}],"author":[{"embeddable":true,"href":"https:\/\/cpsanadrian.educacion.navarra.es\/blog\/wp-json\/wp\/v2\/users\/11"}],"replies":[{"embeddable":true,"href":"https:\/\/cpsanadrian.educacion.navarra.es\/blog\/wp-json\/wp\/v2\/comments?post=8631"}],"version-history":[{"count":4,"href":"https:\/\/cpsanadrian.educacion.navarra.es\/blog\/wp-json\/wp\/v2\/posts\/8631\/revisions"}],"predecessor-version":[{"id":8636,"href":"https:\/\/cpsanadrian.educacion.navarra.es\/blog\/wp-json\/wp\/v2\/posts\/8631\/revisions\/8636"}],"wp:attachment":[{"href":"https:\/\/cpsanadrian.educacion.navarra.es\/blog\/wp-json\/wp\/v2\/media?parent=8631"}],"wp:term":[{"taxonomy":"category","embeddable":true,"href":"https:\/\/cpsanadrian.educacion.navarra.es\/blog\/wp-json\/wp\/v2\/categories?post=8631"},{"taxonomy":"post_tag","embeddable":true,"href":"https:\/\/cpsanadrian.educacion.navarra.es\/blog\/wp-json\/wp\/v2\/tags?post=8631"}],"curies":[{"name":"wp","href":"https:\/\/api.w.org\/{rel}","templated":true}]}}