{"id":8779,"date":"2023-05-18T15:01:45","date_gmt":"2023-05-18T13:01:45","guid":{"rendered":"https:\/\/cpsanadrian.educacion.navarra.es\/blog\/?p=8779"},"modified":"2023-05-18T15:01:45","modified_gmt":"2023-05-18T13:01:45","slug":"la-apyma-te-necesita","status":"publish","type":"post","link":"https:\/\/cpsanadrian.educacion.navarra.es\/blog\/2023\/05\/18\/la-apyma-te-necesita\/","title":{"rendered":"\u00a1La APYMA te necesita!"},"content":{"rendered":"\n<p>Desde la Apyma os aninamos a que form\u00e9is parte de la asociaci\u00f3n de Padres y madres del colegio. Tan solo se requieren 15 euros por familia anualmente. Y si adem\u00e1s quieres ayudar de forma activa en la junta, ll\u00e1manos. Os esperamos.<\/p>\n\n\n\n<p>A lo largo del curso realizamos diferentes tareas como: <\/p>\n\n\n\n<ul><li>Intermediar en las extraescolares de ingl\u00e9s, Ticandboot y ajedrez.\u00a0<\/li><li>Gestionar el comedor y servicio de madrugadores. <\/li><li>Ayudar en todos los actos y necesidades que requiera el colegio.\u00a0<\/li><\/ul>\n\n\n\n<p>Adem\u00e1s, somos la voz de las familias en el Consejo escolar y pertenecemos a Herrikoa y Britila.<\/p>\n\n\n\n<p>Entre otras acciones, durante este a\u00f1o hemos sido un gran apoyo entre Ayuntamiento y Escuela para potenciar la nueva ubicaci\u00f3n del comedor y con ello, habilitar un nuevo espacio para el Aula Ikasnova muy necesario para todos los alumnos y alumnas del colegio.  Adem\u00e1s, este nuevo comedor lo hemos dotado de utensilios y enseres. En breve nos aprovisionaremos de nuevas bandejas de autoservicio de aluminio eliminando el pl\u00e1stico progresivamente. .<\/p>\n\n\n\n<p>Por \u00faltimo, como novedad, hemos dotado al colegio de peque\u00f1os juegos para todos los ciclos para hacer m\u00e1s ameno su tiempo libre y puedan disfrutar de otras actividades.<\/p>\n\n\n\n<p>Desde la Apyma queremos agradecer a todas las familias que con su aportaci\u00f3n anual hacen posible estos logros.<\/p>\n\n\n\n<p>Os esperamos en la fiesta de la familia, punto clave de encuentros entre profesorado y familias donde el alumnado disfrutar\u00e1 de un d\u00eda fant\u00e1stico lleno de actividades.<\/p>\n","protected":false},"excerpt":{"rendered":"<p>Desde la Apyma os aninamos a que form\u00e9is parte de la asociaci\u00f3n de Padres y madres del colegio. Tan solo se requieren 15 euros por familia anualmente. Y si adem\u00e1s quieres ayudar de forma activa en la junta, ll\u00e1manos. Os esperamos. A lo largo del curso realizamos diferentes tareas como: Intermediar en las extraescolares de &hellip; <a href=\"https:\/\/cpsanadrian.educacion.navarra.es\/blog\/2023\/05\/18\/la-apyma-te-necesita\/\" class=\"more-link\">Seguir leyendo <span class=\"screen-reader-text\">\u00a1La APYMA te necesita!<\/span> <span class=\"meta-nav\">&rarr;<\/span><\/a><\/p>\n","protected":false},"author":11,"featured_media":0,"comment_status":"open","ping_status":"open","sticky":false,"template":"","format":"standard","meta":{"ngg_post_thumbnail":0},"categories":[1],"tags":[],"_links":{"self":[{"href":"https:\/\/cpsanadrian.educacion.navarra.es\/blog\/wp-json\/wp\/v2\/posts\/8779"}],"collection":[{"href":"https:\/\/cpsanadrian.educacion.navarra.es\/blog\/wp-json\/wp\/v2\/posts"}],"about":[{"href":"https:\/\/cpsanadrian.educacion.navarra.es\/blog\/wp-json\/wp\/v2\/types\/post"}],"author":[{"embeddable":true,"href":"https:\/\/cpsanadrian.educacion.navarra.es\/blog\/wp-json\/wp\/v2\/users\/11"}],"replies":[{"embeddable":true,"href":"https:\/\/cpsanadrian.educacion.navarra.es\/blog\/wp-json\/wp\/v2\/comments?post=8779"}],"version-history":[{"count":1,"href":"https:\/\/cpsanadrian.educacion.navarra.es\/blog\/wp-json\/wp\/v2\/posts\/8779\/revisions"}],"predecessor-version":[{"id":8780,"href":"https:\/\/cpsanadrian.educacion.navarra.es\/blog\/wp-json\/wp\/v2\/posts\/8779\/revisions\/8780"}],"wp:attachment":[{"href":"https:\/\/cpsanadrian.educacion.navarra.es\/blog\/wp-json\/wp\/v2\/media?parent=8779"}],"wp:term":[{"taxonomy":"category","embeddable":true,"href":"https:\/\/cpsanadrian.educacion.navarra.es\/blog\/wp-json\/wp\/v2\/categories?post=8779"},{"taxonomy":"post_tag","embeddable":true,"href":"https:\/\/cpsanadrian.educacion.navarra.es\/blog\/wp-json\/wp\/v2\/tags?post=8779"}],"curies":[{"name":"wp","href":"https:\/\/api.w.org\/{rel}","templated":true}]}}