{"id":8862,"date":"2023-07-04T14:46:35","date_gmt":"2023-07-04T12:46:35","guid":{"rendered":"https:\/\/cpsanadrian.educacion.navarra.es\/blog\/?p=8862"},"modified":"2023-07-04T14:50:45","modified_gmt":"2023-07-04T12:50:45","slug":"informacion-vacaciones","status":"publish","type":"post","link":"https:\/\/cpsanadrian.educacion.navarra.es\/blog\/2023\/07\/04\/informacion-vacaciones\/","title":{"rendered":"Informaci\u00f3n vacaciones"},"content":{"rendered":"\n<p>El servicio de secretar\u00eda del centro permanecer\u00e1 cerrado f\u00edsicamente desde el 8 de julio hasta el 20 de agosto. <\/p>\n\n\n\n<ul><li>Para cualquier tema relacionado con secretar\u00eda env\u00eda un correo al cpsanadr@educacion.navarra.es o al cpsanadr-ad@educacion.navarra.es     <\/li><li>Para cualquier tema relacionado con mantenimiento env\u00eda un mail hayensaher@educacion.navarra.es     <\/li><\/ul>\n\n\n\n<p><strong>El periodo de preinscripciones<\/strong> para alumnado fuera de plazo ser\u00e1 el siguiente:<\/p>\n\n\n\n<ul><li>Presentaci\u00f3n de solicitudes 23 y 24 de agosto (4 a\u00f1os a 6\u00ba de EP) \/ 24 y 25 de agosto alumnado de 3 a\u00f1os. <\/li><li>Publicaci\u00f3n de listados de admitidos\/as 31 de agosto. <\/li><\/ul>\n\n\n\n<p><\/p>\n","protected":false},"excerpt":{"rendered":"<p>El servicio de secretar\u00eda del centro permanecer\u00e1 cerrado f\u00edsicamente desde el 8 de julio hasta el 20 de agosto. Para cualquier tema relacionado con secretar\u00eda env\u00eda un correo al cpsanadr@educacion.navarra.es o al cpsanadr-ad@educacion.navarra.es Para cualquier tema relacionado con mantenimiento env\u00eda un mail hayensaher@educacion.navarra.es El periodo de preinscripciones para alumnado fuera de plazo ser\u00e1 el siguiente: &hellip; <a href=\"https:\/\/cpsanadrian.educacion.navarra.es\/blog\/2023\/07\/04\/informacion-vacaciones\/\" class=\"more-link\">Seguir leyendo <span class=\"screen-reader-text\">Informaci\u00f3n vacaciones<\/span> <span class=\"meta-nav\">&rarr;<\/span><\/a><\/p>\n","protected":false},"author":11,"featured_media":0,"comment_status":"open","ping_status":"open","sticky":false,"template":"","format":"standard","meta":{"ngg_post_thumbnail":0},"categories":[1],"tags":[],"_links":{"self":[{"href":"https:\/\/cpsanadrian.educacion.navarra.es\/blog\/wp-json\/wp\/v2\/posts\/8862"}],"collection":[{"href":"https:\/\/cpsanadrian.educacion.navarra.es\/blog\/wp-json\/wp\/v2\/posts"}],"about":[{"href":"https:\/\/cpsanadrian.educacion.navarra.es\/blog\/wp-json\/wp\/v2\/types\/post"}],"author":[{"embeddable":true,"href":"https:\/\/cpsanadrian.educacion.navarra.es\/blog\/wp-json\/wp\/v2\/users\/11"}],"replies":[{"embeddable":true,"href":"https:\/\/cpsanadrian.educacion.navarra.es\/blog\/wp-json\/wp\/v2\/comments?post=8862"}],"version-history":[{"count":2,"href":"https:\/\/cpsanadrian.educacion.navarra.es\/blog\/wp-json\/wp\/v2\/posts\/8862\/revisions"}],"predecessor-version":[{"id":8865,"href":"https:\/\/cpsanadrian.educacion.navarra.es\/blog\/wp-json\/wp\/v2\/posts\/8862\/revisions\/8865"}],"wp:attachment":[{"href":"https:\/\/cpsanadrian.educacion.navarra.es\/blog\/wp-json\/wp\/v2\/media?parent=8862"}],"wp:term":[{"taxonomy":"category","embeddable":true,"href":"https:\/\/cpsanadrian.educacion.navarra.es\/blog\/wp-json\/wp\/v2\/categories?post=8862"},{"taxonomy":"post_tag","embeddable":true,"href":"https:\/\/cpsanadrian.educacion.navarra.es\/blog\/wp-json\/wp\/v2\/tags?post=8862"}],"curies":[{"name":"wp","href":"https:\/\/api.w.org\/{rel}","templated":true}]}}