{"id":8879,"date":"2023-09-04T14:04:11","date_gmt":"2023-09-04T12:04:11","guid":{"rendered":"https:\/\/cpsanadrian.educacion.navarra.es\/blog\/?p=8879"},"modified":"2023-09-04T14:04:12","modified_gmt":"2023-09-04T12:04:12","slug":"tutorias-y-grupos","status":"publish","type":"post","link":"https:\/\/cpsanadrian.educacion.navarra.es\/blog\/2023\/09\/04\/tutorias-y-grupos\/","title":{"rendered":"TUTOR\u00cdAS Y GRUPOS"},"content":{"rendered":"\n<p>Comunicado oficial del centro:<\/p>\n\n\n\n<p>El viernes 25 de agosto termin\u00f3 el plazo extraordinario de preinscripci\u00f3n. En funci\u00f3n del n\u00famero total de alumnos\/as inscritos en el centro en cada uno de los cursos y teniendo en cuenta la ratio establecida en la normativa (25 alumnos\/as m\u00e1ximo por grupo) el Departamento de Educaci\u00f3n nos concede el n\u00famero correspondiente de docentes. <\/p>\n\n\n\n<p><strong>No teniendo todav\u00eda notificaci\u00f3n oficial al respecto, hemos tomado la decisi\u00f3n de esperar hasta tener los recursos asignados de manera definitiva. En el mismo momento en el que el Departamento nos traslade la informaci\u00f3n anteriormente expuesta os enviaremos a trav\u00e9s del educa el nombre y grupo que corresponde a vuestro hijo\/a. <\/strong><\/p>\n\n\n\n<p><\/p>\n\n\n\n<p><\/p>\n","protected":false},"excerpt":{"rendered":"<p>Comunicado oficial del centro: El viernes 25 de agosto termin\u00f3 el plazo extraordinario de preinscripci\u00f3n. En funci\u00f3n del n\u00famero total de alumnos\/as inscritos en el centro en cada uno de los cursos y teniendo en cuenta la ratio establecida en la normativa (25 alumnos\/as m\u00e1ximo por grupo) el Departamento de Educaci\u00f3n nos concede el n\u00famero &hellip; <a href=\"https:\/\/cpsanadrian.educacion.navarra.es\/blog\/2023\/09\/04\/tutorias-y-grupos\/\" class=\"more-link\">Seguir leyendo <span class=\"screen-reader-text\">TUTOR\u00cdAS Y GRUPOS<\/span> <span class=\"meta-nav\">&rarr;<\/span><\/a><\/p>\n","protected":false},"author":11,"featured_media":0,"comment_status":"open","ping_status":"open","sticky":false,"template":"","format":"standard","meta":{"ngg_post_thumbnail":0},"categories":[1],"tags":[],"_links":{"self":[{"href":"https:\/\/cpsanadrian.educacion.navarra.es\/blog\/wp-json\/wp\/v2\/posts\/8879"}],"collection":[{"href":"https:\/\/cpsanadrian.educacion.navarra.es\/blog\/wp-json\/wp\/v2\/posts"}],"about":[{"href":"https:\/\/cpsanadrian.educacion.navarra.es\/blog\/wp-json\/wp\/v2\/types\/post"}],"author":[{"embeddable":true,"href":"https:\/\/cpsanadrian.educacion.navarra.es\/blog\/wp-json\/wp\/v2\/users\/11"}],"replies":[{"embeddable":true,"href":"https:\/\/cpsanadrian.educacion.navarra.es\/blog\/wp-json\/wp\/v2\/comments?post=8879"}],"version-history":[{"count":1,"href":"https:\/\/cpsanadrian.educacion.navarra.es\/blog\/wp-json\/wp\/v2\/posts\/8879\/revisions"}],"predecessor-version":[{"id":8880,"href":"https:\/\/cpsanadrian.educacion.navarra.es\/blog\/wp-json\/wp\/v2\/posts\/8879\/revisions\/8880"}],"wp:attachment":[{"href":"https:\/\/cpsanadrian.educacion.navarra.es\/blog\/wp-json\/wp\/v2\/media?parent=8879"}],"wp:term":[{"taxonomy":"category","embeddable":true,"href":"https:\/\/cpsanadrian.educacion.navarra.es\/blog\/wp-json\/wp\/v2\/categories?post=8879"},{"taxonomy":"post_tag","embeddable":true,"href":"https:\/\/cpsanadrian.educacion.navarra.es\/blog\/wp-json\/wp\/v2\/tags?post=8879"}],"curies":[{"name":"wp","href":"https:\/\/api.w.org\/{rel}","templated":true}]}}