{"id":9070,"date":"2024-02-09T13:59:00","date_gmt":"2024-02-09T12:59:00","guid":{"rendered":"https:\/\/cpsanadrian.educacion.navarra.es\/blog\/?p=9070"},"modified":"2024-02-14T10:48:16","modified_gmt":"2024-02-14T09:48:16","slug":"carnaval-2024-el-oceano","status":"publish","type":"post","link":"https:\/\/cpsanadrian.educacion.navarra.es\/blog\/2024\/02\/09\/carnaval-2024-el-oceano\/","title":{"rendered":"\u00a1Gran desfile del carnaval 2024!"},"content":{"rendered":"\n<figure class=\"wp-block-image size-large\"><a href=\"https:\/\/cpsanadrian.educacion.navarra.es\/blog\/wp-content\/uploads\/2024\/02\/PXL_20240209_102851819-scaled.jpg\"><img loading=\"lazy\" width=\"1024\" height=\"576\" src=\"https:\/\/cpsanadrian.educacion.navarra.es\/blog\/wp-content\/uploads\/2024\/02\/PXL_20240209_102851819-1024x576.jpg\" alt=\"\" class=\"wp-image-9109\" srcset=\"https:\/\/cpsanadrian.educacion.navarra.es\/blog\/wp-content\/uploads\/2024\/02\/PXL_20240209_102851819-1024x576.jpg 1024w, https:\/\/cpsanadrian.educacion.navarra.es\/blog\/wp-content\/uploads\/2024\/02\/PXL_20240209_102851819-300x169.jpg 300w, https:\/\/cpsanadrian.educacion.navarra.es\/blog\/wp-content\/uploads\/2024\/02\/PXL_20240209_102851819-768x432.jpg 768w, https:\/\/cpsanadrian.educacion.navarra.es\/blog\/wp-content\/uploads\/2024\/02\/PXL_20240209_102851819-1536x864.jpg 1536w, https:\/\/cpsanadrian.educacion.navarra.es\/blog\/wp-content\/uploads\/2024\/02\/PXL_20240209_102851819-2048x1152.jpg 2048w\" sizes=\"(max-width: 1024px) 100vw, 1024px\" \/><\/a><\/figure>\n\n\n\n<p>Aunque la meteorolog\u00eda no nos ha acompa\u00f1ado hoy, hemos podido disfrutar de un bonito desfile de carnaval. Despu\u00e9s de que <strong>Unai Pellejero Losa<\/strong>, ganador de preg\u00f3n de carnaval, nos lo leyera, todo el alumnado de Infantil y Primaria&#8230; \u00a1m\u00e1s de 600! han salido acompa\u00f1ados por sus maestros, maestras, el personal de conserjer\u00eda y la polic\u00eda municipal.  La APYMA tambi\u00e9n ha estado presente ayud\u00e1ndonos con todo lo que hemos necesitado.  El oc\u00e9ano ha invadido las calles de San Adri\u00e1n, bailando al son de la m\u00fasica y acompa\u00f1ados por las familias.  <\/p>\n\n\n\n<p>Una vez terminado el desfile el alumnado ha disfrutado de una chocolatada que ha preparado el club de jubilados y jubiladas de San Adri\u00e1n patrocinada por el Ayuntamiento. \u00a1Lo han hecho inmejorable! <\/p>\n\n\n\n<p>Much\u00edsimas gracias a todo el personal del centro por su implicaci\u00f3n y a la comunidad educativa en general por su buena respuesta. Esperamos y deseamos que os haya gustado. <\/p>\n\n\n\n<p>Os dejamos algunas instant\u00e1neas. <a rel=\"noreferrer noopener\" href=\"https:\/\/drive.google.com\/drive\/folders\/10z-WRPa4DHmvwSNJwUh8GKp4tOTPj3fg?usp=sharing\" target=\"_blank\">Enlace a las fotograf\u00edas del cole<\/a><\/p>\n\n\n\n<p>Enlace a las fotograf\u00edas del Narv\u00e1ez:  <a href=\"https:\/\/photos.app.goo.gl\/crQSp3LkUcg2RBQ47\" target=\"_blank\" rel=\"noreferrer noopener\">clic aqu\u00ed<\/a><\/p>\n\n\n\n<figure class=\"wp-block-image size-large\"><a href=\"https:\/\/cpsanadrian.educacion.navarra.es\/blog\/wp-content\/uploads\/2024\/02\/PXL_20240209_092156731-1-scaled.jpg\"><img loading=\"lazy\" width=\"1024\" height=\"576\" src=\"https:\/\/cpsanadrian.educacion.navarra.es\/blog\/wp-content\/uploads\/2024\/02\/PXL_20240209_092156731-1-1024x576.jpg\" alt=\"\" class=\"wp-image-9106\" srcset=\"https:\/\/cpsanadrian.educacion.navarra.es\/blog\/wp-content\/uploads\/2024\/02\/PXL_20240209_092156731-1-1024x576.jpg 1024w, https:\/\/cpsanadrian.educacion.navarra.es\/blog\/wp-content\/uploads\/2024\/02\/PXL_20240209_092156731-1-300x169.jpg 300w, https:\/\/cpsanadrian.educacion.navarra.es\/blog\/wp-content\/uploads\/2024\/02\/PXL_20240209_092156731-1-768x432.jpg 768w, https:\/\/cpsanadrian.educacion.navarra.es\/blog\/wp-content\/uploads\/2024\/02\/PXL_20240209_092156731-1-1536x864.jpg 1536w, https:\/\/cpsanadrian.educacion.navarra.es\/blog\/wp-content\/uploads\/2024\/02\/PXL_20240209_092156731-1-2048x1152.jpg 2048w\" sizes=\"(max-width: 1024px) 100vw, 1024px\" \/><\/a><figcaption>Unai recibiendo el premio<\/figcaption><\/figure>\n","protected":false},"excerpt":{"rendered":"<p>Aunque la meteorolog\u00eda no nos ha acompa\u00f1ado hoy, hemos podido disfrutar de un bonito desfile de carnaval. Despu\u00e9s de que Unai Pellejero Losa, ganador de preg\u00f3n de carnaval, nos lo leyera, todo el alumnado de Infantil y Primaria&#8230; \u00a1m\u00e1s de 600! han salido acompa\u00f1ados por sus maestros, maestras, el personal de conserjer\u00eda y la polic\u00eda &hellip; <a href=\"https:\/\/cpsanadrian.educacion.navarra.es\/blog\/2024\/02\/09\/carnaval-2024-el-oceano\/\" class=\"more-link\">Seguir leyendo <span class=\"screen-reader-text\">\u00a1Gran desfile del carnaval 2024!<\/span> <span class=\"meta-nav\">&rarr;<\/span><\/a><\/p>\n","protected":false},"author":11,"featured_media":0,"comment_status":"open","ping_status":"open","sticky":false,"template":"","format":"standard","meta":{"ngg_post_thumbnail":0},"categories":[1],"tags":[],"_links":{"self":[{"href":"https:\/\/cpsanadrian.educacion.navarra.es\/blog\/wp-json\/wp\/v2\/posts\/9070"}],"collection":[{"href":"https:\/\/cpsanadrian.educacion.navarra.es\/blog\/wp-json\/wp\/v2\/posts"}],"about":[{"href":"https:\/\/cpsanadrian.educacion.navarra.es\/blog\/wp-json\/wp\/v2\/types\/post"}],"author":[{"embeddable":true,"href":"https:\/\/cpsanadrian.educacion.navarra.es\/blog\/wp-json\/wp\/v2\/users\/11"}],"replies":[{"embeddable":true,"href":"https:\/\/cpsanadrian.educacion.navarra.es\/blog\/wp-json\/wp\/v2\/comments?post=9070"}],"version-history":[{"count":12,"href":"https:\/\/cpsanadrian.educacion.navarra.es\/blog\/wp-json\/wp\/v2\/posts\/9070\/revisions"}],"predecessor-version":[{"id":9114,"href":"https:\/\/cpsanadrian.educacion.navarra.es\/blog\/wp-json\/wp\/v2\/posts\/9070\/revisions\/9114"}],"wp:attachment":[{"href":"https:\/\/cpsanadrian.educacion.navarra.es\/blog\/wp-json\/wp\/v2\/media?parent=9070"}],"wp:term":[{"taxonomy":"category","embeddable":true,"href":"https:\/\/cpsanadrian.educacion.navarra.es\/blog\/wp-json\/wp\/v2\/categories?post=9070"},{"taxonomy":"post_tag","embeddable":true,"href":"https:\/\/cpsanadrian.educacion.navarra.es\/blog\/wp-json\/wp\/v2\/tags?post=9070"}],"curies":[{"name":"wp","href":"https:\/\/api.w.org\/{rel}","templated":true}]}}