{"id":9224,"date":"2024-03-27T12:17:10","date_gmt":"2024-03-27T11:17:10","guid":{"rendered":"https:\/\/cpsanadrian.educacion.navarra.es\/blog\/?p=9224"},"modified":"2024-03-27T19:07:57","modified_gmt":"2024-03-27T18:07:57","slug":"museo-primavera-en-infantil","status":"publish","type":"post","link":"https:\/\/cpsanadrian.educacion.navarra.es\/blog\/2024\/03\/27\/museo-primavera-en-infantil\/","title":{"rendered":"Museo Primavera en Infantil"},"content":{"rendered":"\n<figure class=\"wp-block-image size-large is-resized\"><a href=\"https:\/\/cpsanadrian.educacion.navarra.es\/blog\/wp-content\/uploads\/2024\/03\/IMG_20240327_115705-scaled.jpg\"><img loading=\"lazy\" src=\"https:\/\/cpsanadrian.educacion.navarra.es\/blog\/wp-content\/uploads\/2024\/03\/IMG_20240327_115705-1024x766.jpg\" alt=\"\" class=\"wp-image-9225\" width=\"326\" height=\"244\" srcset=\"https:\/\/cpsanadrian.educacion.navarra.es\/blog\/wp-content\/uploads\/2024\/03\/IMG_20240327_115705-1024x766.jpg 1024w, https:\/\/cpsanadrian.educacion.navarra.es\/blog\/wp-content\/uploads\/2024\/03\/IMG_20240327_115705-300x224.jpg 300w, https:\/\/cpsanadrian.educacion.navarra.es\/blog\/wp-content\/uploads\/2024\/03\/IMG_20240327_115705-768x575.jpg 768w, https:\/\/cpsanadrian.educacion.navarra.es\/blog\/wp-content\/uploads\/2024\/03\/IMG_20240327_115705-1536x1149.jpg 1536w, https:\/\/cpsanadrian.educacion.navarra.es\/blog\/wp-content\/uploads\/2024\/03\/IMG_20240327_115705-2048x1532.jpg 2048w\" sizes=\"(max-width: 326px) 100vw, 326px\" \/><\/a><\/figure>\n\n\n\n<p>El alumnado de 5 a\u00f1os inaugura el Museo Primavera como fin del proyecto desarrollado durante el 2\u00ba trimestre \u00abSomos artistas\u00bb. A lo largo del mismo han estudiado las obras de diferentes artistas como Frida Kahlo, Mir\u00f3&#8230; Han trabajado diferentes texturas, t\u00e9cnicas art\u00edsticas, composiciones, estructuras, retratos&#8230; Ha estado abierto martes y mi\u00e9rcoles para las visitas de las familias. <\/p>\n\n\n\n<figure class=\"wp-block-image size-large is-resized\"><a href=\"https:\/\/cpsanadrian.educacion.navarra.es\/blog\/wp-content\/uploads\/2024\/03\/IMG_20240325_184901-scaled.jpg\"><img loading=\"lazy\" src=\"https:\/\/cpsanadrian.educacion.navarra.es\/blog\/wp-content\/uploads\/2024\/03\/IMG_20240325_184901-766x1024.jpg\" alt=\"\" class=\"wp-image-9226\" width=\"322\" height=\"430\" srcset=\"https:\/\/cpsanadrian.educacion.navarra.es\/blog\/wp-content\/uploads\/2024\/03\/IMG_20240325_184901-766x1024.jpg 766w, https:\/\/cpsanadrian.educacion.navarra.es\/blog\/wp-content\/uploads\/2024\/03\/IMG_20240325_184901-224x300.jpg 224w, https:\/\/cpsanadrian.educacion.navarra.es\/blog\/wp-content\/uploads\/2024\/03\/IMG_20240325_184901-768x1026.jpg 768w, https:\/\/cpsanadrian.educacion.navarra.es\/blog\/wp-content\/uploads\/2024\/03\/IMG_20240325_184901-1149x1536.jpg 1149w, https:\/\/cpsanadrian.educacion.navarra.es\/blog\/wp-content\/uploads\/2024\/03\/IMG_20240325_184901-1532x2048.jpg 1532w, https:\/\/cpsanadrian.educacion.navarra.es\/blog\/wp-content\/uploads\/2024\/03\/IMG_20240325_184901-scaled.jpg 1916w\" sizes=\"(max-width: 322px) 100vw, 322px\" \/><\/a><\/figure>\n\n\n\n<p class=\"has-text-align-center\"><a href=\"https:\/\/drive.google.com\/drive\/folders\/1tAJE2U8t6xe2GVEBVQGAZBk8L6GmEUb5\">ENLACE A LAS FOTOGRAF\u00cdAS DEL MUSEO <\/a><\/p>\n","protected":false},"excerpt":{"rendered":"<p>El alumnado de 5 a\u00f1os inaugura el Museo Primavera como fin del proyecto desarrollado durante el 2\u00ba trimestre \u00abSomos artistas\u00bb. A lo largo del mismo han estudiado las obras de diferentes artistas como Frida Kahlo, Mir\u00f3&#8230; Han trabajado diferentes texturas, t\u00e9cnicas art\u00edsticas, composiciones, estructuras, retratos&#8230; Ha estado abierto martes y mi\u00e9rcoles para las visitas de &hellip; <a href=\"https:\/\/cpsanadrian.educacion.navarra.es\/blog\/2024\/03\/27\/museo-primavera-en-infantil\/\" class=\"more-link\">Seguir leyendo <span class=\"screen-reader-text\">Museo Primavera en Infantil<\/span> <span class=\"meta-nav\">&rarr;<\/span><\/a><\/p>\n","protected":false},"author":11,"featured_media":0,"comment_status":"open","ping_status":"open","sticky":false,"template":"","format":"standard","meta":{"ngg_post_thumbnail":0},"categories":[1],"tags":[],"_links":{"self":[{"href":"https:\/\/cpsanadrian.educacion.navarra.es\/blog\/wp-json\/wp\/v2\/posts\/9224"}],"collection":[{"href":"https:\/\/cpsanadrian.educacion.navarra.es\/blog\/wp-json\/wp\/v2\/posts"}],"about":[{"href":"https:\/\/cpsanadrian.educacion.navarra.es\/blog\/wp-json\/wp\/v2\/types\/post"}],"author":[{"embeddable":true,"href":"https:\/\/cpsanadrian.educacion.navarra.es\/blog\/wp-json\/wp\/v2\/users\/11"}],"replies":[{"embeddable":true,"href":"https:\/\/cpsanadrian.educacion.navarra.es\/blog\/wp-json\/wp\/v2\/comments?post=9224"}],"version-history":[{"count":3,"href":"https:\/\/cpsanadrian.educacion.navarra.es\/blog\/wp-json\/wp\/v2\/posts\/9224\/revisions"}],"predecessor-version":[{"id":9235,"href":"https:\/\/cpsanadrian.educacion.navarra.es\/blog\/wp-json\/wp\/v2\/posts\/9224\/revisions\/9235"}],"wp:attachment":[{"href":"https:\/\/cpsanadrian.educacion.navarra.es\/blog\/wp-json\/wp\/v2\/media?parent=9224"}],"wp:term":[{"taxonomy":"category","embeddable":true,"href":"https:\/\/cpsanadrian.educacion.navarra.es\/blog\/wp-json\/wp\/v2\/categories?post=9224"},{"taxonomy":"post_tag","embeddable":true,"href":"https:\/\/cpsanadrian.educacion.navarra.es\/blog\/wp-json\/wp\/v2\/tags?post=9224"}],"curies":[{"name":"wp","href":"https:\/\/api.w.org\/{rel}","templated":true}]}}