{"id":9295,"date":"2024-04-22T10:28:49","date_gmt":"2024-04-22T08:28:49","guid":{"rendered":"https:\/\/cpsanadrian.educacion.navarra.es\/blog\/?p=9295"},"modified":"2024-04-22T11:17:26","modified_gmt":"2024-04-22T09:17:26","slug":"torneo-trackatlon","status":"publish","type":"post","link":"https:\/\/cpsanadrian.educacion.navarra.es\/blog\/2024\/04\/22\/torneo-trackatlon\/","title":{"rendered":"Torneo Trackatl\u00f3n"},"content":{"rendered":"\n<figure class=\"wp-block-image size-large\"><a href=\"https:\/\/cpsanadrian.educacion.navarra.es\/blog\/wp-content\/uploads\/2024\/04\/IMG-20240421-WA0031.jpg\"><img loading=\"lazy\" width=\"1024\" height=\"576\" src=\"https:\/\/cpsanadrian.educacion.navarra.es\/blog\/wp-content\/uploads\/2024\/04\/IMG-20240421-WA0031-1024x576.jpg\" alt=\"\" class=\"wp-image-9297\" srcset=\"https:\/\/cpsanadrian.educacion.navarra.es\/blog\/wp-content\/uploads\/2024\/04\/IMG-20240421-WA0031-1024x576.jpg 1024w, https:\/\/cpsanadrian.educacion.navarra.es\/blog\/wp-content\/uploads\/2024\/04\/IMG-20240421-WA0031-300x169.jpg 300w, https:\/\/cpsanadrian.educacion.navarra.es\/blog\/wp-content\/uploads\/2024\/04\/IMG-20240421-WA0031-768x432.jpg 768w, https:\/\/cpsanadrian.educacion.navarra.es\/blog\/wp-content\/uploads\/2024\/04\/IMG-20240421-WA0031-1536x864.jpg 1536w, https:\/\/cpsanadrian.educacion.navarra.es\/blog\/wp-content\/uploads\/2024\/04\/IMG-20240421-WA0031.jpg 1600w\" sizes=\"(max-width: 1024px) 100vw, 1024px\" \/><\/a><\/figure>\n\n\n\n<p>Ayer, domingo 21 de abril, se celebr\u00f3 en el Colegio Santa Luisa de Marillac de Bara\u00f1\u00e1in la Final Auton\u00f3mica del Torneo Trackatl\u00f3n.  De los 10 colegios participantes en la jornada, nuestro centro educativo se present\u00f3 con 2 equipos, obteniendo uno de ellos el 3er puesto. Aunque solamente se clasificaban para la siguiente fase el 1\u00ba y el 2\u00ba, obtener un tercer puesto es un logro important\u00edsimo. Much\u00edsimas gracias por vuestro esfuerzo y energ\u00eda representando a nuestro centro, nuestro pueblo y nuestro club de atletismo. <\/p>\n\n\n\n<figure class=\"wp-block-image size-large is-resized\"><a href=\"https:\/\/cpsanadrian.educacion.navarra.es\/blog\/wp-content\/uploads\/2024\/04\/IMG-20240421-WA0030.jpg\"><img loading=\"lazy\" src=\"https:\/\/cpsanadrian.educacion.navarra.es\/blog\/wp-content\/uploads\/2024\/04\/IMG-20240421-WA0030-576x1024.jpg\" alt=\"\" class=\"wp-image-9296\" width=\"242\" height=\"430\" srcset=\"https:\/\/cpsanadrian.educacion.navarra.es\/blog\/wp-content\/uploads\/2024\/04\/IMG-20240421-WA0030-576x1024.jpg 576w, https:\/\/cpsanadrian.educacion.navarra.es\/blog\/wp-content\/uploads\/2024\/04\/IMG-20240421-WA0030-169x300.jpg 169w, https:\/\/cpsanadrian.educacion.navarra.es\/blog\/wp-content\/uploads\/2024\/04\/IMG-20240421-WA0030-768x1365.jpg 768w, https:\/\/cpsanadrian.educacion.navarra.es\/blog\/wp-content\/uploads\/2024\/04\/IMG-20240421-WA0030-864x1536.jpg 864w, https:\/\/cpsanadrian.educacion.navarra.es\/blog\/wp-content\/uploads\/2024\/04\/IMG-20240421-WA0030.jpg 900w\" sizes=\"(max-width: 242px) 100vw, 242px\" \/><\/a><\/figure>\n","protected":false},"excerpt":{"rendered":"<p>Ayer, domingo 21 de abril, se celebr\u00f3 en el Colegio Santa Luisa de Marillac de Bara\u00f1\u00e1in la Final Auton\u00f3mica del Torneo Trackatl\u00f3n. De los 10 colegios participantes en la jornada, nuestro centro educativo se present\u00f3 con 2 equipos, obteniendo uno de ellos el 3er puesto. Aunque solamente se clasificaban para la siguiente fase el 1\u00ba &hellip; <a href=\"https:\/\/cpsanadrian.educacion.navarra.es\/blog\/2024\/04\/22\/torneo-trackatlon\/\" class=\"more-link\">Seguir leyendo <span class=\"screen-reader-text\">Torneo Trackatl\u00f3n<\/span> <span class=\"meta-nav\">&rarr;<\/span><\/a><\/p>\n","protected":false},"author":11,"featured_media":0,"comment_status":"open","ping_status":"open","sticky":false,"template":"","format":"standard","meta":{"ngg_post_thumbnail":0},"categories":[1],"tags":[],"_links":{"self":[{"href":"https:\/\/cpsanadrian.educacion.navarra.es\/blog\/wp-json\/wp\/v2\/posts\/9295"}],"collection":[{"href":"https:\/\/cpsanadrian.educacion.navarra.es\/blog\/wp-json\/wp\/v2\/posts"}],"about":[{"href":"https:\/\/cpsanadrian.educacion.navarra.es\/blog\/wp-json\/wp\/v2\/types\/post"}],"author":[{"embeddable":true,"href":"https:\/\/cpsanadrian.educacion.navarra.es\/blog\/wp-json\/wp\/v2\/users\/11"}],"replies":[{"embeddable":true,"href":"https:\/\/cpsanadrian.educacion.navarra.es\/blog\/wp-json\/wp\/v2\/comments?post=9295"}],"version-history":[{"count":1,"href":"https:\/\/cpsanadrian.educacion.navarra.es\/blog\/wp-json\/wp\/v2\/posts\/9295\/revisions"}],"predecessor-version":[{"id":9298,"href":"https:\/\/cpsanadrian.educacion.navarra.es\/blog\/wp-json\/wp\/v2\/posts\/9295\/revisions\/9298"}],"wp:attachment":[{"href":"https:\/\/cpsanadrian.educacion.navarra.es\/blog\/wp-json\/wp\/v2\/media?parent=9295"}],"wp:term":[{"taxonomy":"category","embeddable":true,"href":"https:\/\/cpsanadrian.educacion.navarra.es\/blog\/wp-json\/wp\/v2\/categories?post=9295"},{"taxonomy":"post_tag","embeddable":true,"href":"https:\/\/cpsanadrian.educacion.navarra.es\/blog\/wp-json\/wp\/v2\/tags?post=9295"}],"curies":[{"name":"wp","href":"https:\/\/api.w.org\/{rel}","templated":true}]}}