{"id":9313,"date":"2024-05-13T10:14:37","date_gmt":"2024-05-13T08:14:37","guid":{"rendered":"https:\/\/cpsanadrian.educacion.navarra.es\/blog\/?p=9313"},"modified":"2024-05-13T10:16:13","modified_gmt":"2024-05-13T08:16:13","slug":"colaboracion-grand-prix","status":"publish","type":"post","link":"https:\/\/cpsanadrian.educacion.navarra.es\/blog\/2024\/05\/13\/colaboracion-grand-prix\/","title":{"rendered":"Colaboraci\u00f3n con el Grand Prix"},"content":{"rendered":"\n<figure class=\"wp-block-image size-full\"><a href=\"https:\/\/cpsanadrian.educacion.navarra.es\/blog\/wp-content\/uploads\/2024\/05\/image.png\"><img loading=\"lazy\" width=\"416\" height=\"396\" src=\"https:\/\/cpsanadrian.educacion.navarra.es\/blog\/wp-content\/uploads\/2024\/05\/image.png\" alt=\"\" class=\"wp-image-9314\" srcset=\"https:\/\/cpsanadrian.educacion.navarra.es\/blog\/wp-content\/uploads\/2024\/05\/image.png 416w, https:\/\/cpsanadrian.educacion.navarra.es\/blog\/wp-content\/uploads\/2024\/05\/image-300x286.png 300w\" sizes=\"(max-width: 416px) 100vw, 416px\" \/><\/a><\/figure>\n\n\n\n<p><strong>Ma\u00f1ana, martes 14 de mayo, a las 18:30h<\/strong> tendr\u00e1 lugar una de las grabaciones del programa del Grand Prix para el que ha sido seleccionado San Adri\u00e1n <strong>en el Rebote<\/strong>. La organizaci\u00f3n nos ha pedido colaboraci\u00f3n para crear un buen ambiente y desde el centro hemos decidido hacerlo preparando unas caretas al alumnado para que puedan llevarlas puestas al evento acompa\u00f1ados\/as de sus familias.  Les hemos dado de diferentes tipos: gigantes y cabezudos de San Adri\u00e1n, torillos&#8230;\u00a0\u00a0<\/p>\n","protected":false},"excerpt":{"rendered":"<p>Ma\u00f1ana, martes 14 de mayo, a las 18:30h tendr\u00e1 lugar una de las grabaciones del programa del Grand Prix para el que ha sido seleccionado San Adri\u00e1n en el Rebote. La organizaci\u00f3n nos ha pedido colaboraci\u00f3n para crear un buen ambiente y desde el centro hemos decidido hacerlo preparando unas caretas al alumnado para que &hellip; <a href=\"https:\/\/cpsanadrian.educacion.navarra.es\/blog\/2024\/05\/13\/colaboracion-grand-prix\/\" class=\"more-link\">Seguir leyendo <span class=\"screen-reader-text\">Colaboraci\u00f3n con el Grand Prix<\/span> <span class=\"meta-nav\">&rarr;<\/span><\/a><\/p>\n","protected":false},"author":11,"featured_media":0,"comment_status":"open","ping_status":"open","sticky":false,"template":"","format":"standard","meta":{"ngg_post_thumbnail":0},"categories":[1],"tags":[],"_links":{"self":[{"href":"https:\/\/cpsanadrian.educacion.navarra.es\/blog\/wp-json\/wp\/v2\/posts\/9313"}],"collection":[{"href":"https:\/\/cpsanadrian.educacion.navarra.es\/blog\/wp-json\/wp\/v2\/posts"}],"about":[{"href":"https:\/\/cpsanadrian.educacion.navarra.es\/blog\/wp-json\/wp\/v2\/types\/post"}],"author":[{"embeddable":true,"href":"https:\/\/cpsanadrian.educacion.navarra.es\/blog\/wp-json\/wp\/v2\/users\/11"}],"replies":[{"embeddable":true,"href":"https:\/\/cpsanadrian.educacion.navarra.es\/blog\/wp-json\/wp\/v2\/comments?post=9313"}],"version-history":[{"count":3,"href":"https:\/\/cpsanadrian.educacion.navarra.es\/blog\/wp-json\/wp\/v2\/posts\/9313\/revisions"}],"predecessor-version":[{"id":9317,"href":"https:\/\/cpsanadrian.educacion.navarra.es\/blog\/wp-json\/wp\/v2\/posts\/9313\/revisions\/9317"}],"wp:attachment":[{"href":"https:\/\/cpsanadrian.educacion.navarra.es\/blog\/wp-json\/wp\/v2\/media?parent=9313"}],"wp:term":[{"taxonomy":"category","embeddable":true,"href":"https:\/\/cpsanadrian.educacion.navarra.es\/blog\/wp-json\/wp\/v2\/categories?post=9313"},{"taxonomy":"post_tag","embeddable":true,"href":"https:\/\/cpsanadrian.educacion.navarra.es\/blog\/wp-json\/wp\/v2\/tags?post=9313"}],"curies":[{"name":"wp","href":"https:\/\/api.w.org\/{rel}","templated":true}]}}