{"id":9325,"date":"2024-05-31T09:02:00","date_gmt":"2024-05-31T07:02:00","guid":{"rendered":"https:\/\/cpsanadrian.educacion.navarra.es\/blog\/?p=9325"},"modified":"2024-05-31T11:26:58","modified_gmt":"2024-05-31T09:26:58","slug":"programa-del-dia-de-la-familia","status":"publish","type":"post","link":"https:\/\/cpsanadrian.educacion.navarra.es\/blog\/2024\/05\/31\/programa-del-dia-de-la-familia\/","title":{"rendered":"Ma\u00f1ana celebramos la Fiesta de la familia."},"content":{"rendered":"\n<p>Todo est\u00e1 preparado para que ma\u00f1ana pasemos un divertido d\u00eda en familia. \u00a1Much\u00edsimas gracias a la APYMA por su organizaci\u00f3n, esfuerzo e implicaci\u00f3n!<\/p>\n\n\n\n<figure class=\"wp-block-image size-large\"><a href=\"https:\/\/cpsanadrian.educacion.navarra.es\/blog\/wp-content\/uploads\/2024\/05\/IMG-20240515-WA0004.jpg\"><img loading=\"lazy\" width=\"724\" height=\"1024\" src=\"https:\/\/cpsanadrian.educacion.navarra.es\/blog\/wp-content\/uploads\/2024\/05\/IMG-20240515-WA0004-724x1024.jpg\" alt=\"\" class=\"wp-image-9327\" srcset=\"https:\/\/cpsanadrian.educacion.navarra.es\/blog\/wp-content\/uploads\/2024\/05\/IMG-20240515-WA0004-724x1024.jpg 724w, https:\/\/cpsanadrian.educacion.navarra.es\/blog\/wp-content\/uploads\/2024\/05\/IMG-20240515-WA0004-212x300.jpg 212w, https:\/\/cpsanadrian.educacion.navarra.es\/blog\/wp-content\/uploads\/2024\/05\/IMG-20240515-WA0004-768x1086.jpg 768w, https:\/\/cpsanadrian.educacion.navarra.es\/blog\/wp-content\/uploads\/2024\/05\/IMG-20240515-WA0004-1086x1536.jpg 1086w, https:\/\/cpsanadrian.educacion.navarra.es\/blog\/wp-content\/uploads\/2024\/05\/IMG-20240515-WA0004.jpg 1131w\" sizes=\"(max-width: 724px) 100vw, 724px\" \/><\/a><\/figure>\n\n\n\n<figure class=\"wp-block-image size-full is-resized\"><a href=\"https:\/\/cpsanadrian.educacion.navarra.es\/blog\/wp-content\/uploads\/2024\/05\/image-1.png\"><img loading=\"lazy\" src=\"https:\/\/cpsanadrian.educacion.navarra.es\/blog\/wp-content\/uploads\/2024\/05\/image-1.png\" alt=\"\" class=\"wp-image-9326\" width=\"626\" height=\"853\" srcset=\"https:\/\/cpsanadrian.educacion.navarra.es\/blog\/wp-content\/uploads\/2024\/05\/image-1.png 384w, https:\/\/cpsanadrian.educacion.navarra.es\/blog\/wp-content\/uploads\/2024\/05\/image-1-220x300.png 220w\" sizes=\"(max-width: 626px) 100vw, 626px\" \/><\/a><\/figure>\n\n\n\n<p><\/p>\n","protected":false},"excerpt":{"rendered":"<p>Todo est\u00e1 preparado para que ma\u00f1ana pasemos un divertido d\u00eda en familia. \u00a1Much\u00edsimas gracias a la APYMA por su organizaci\u00f3n, esfuerzo e implicaci\u00f3n!<\/p>\n","protected":false},"author":11,"featured_media":0,"comment_status":"open","ping_status":"open","sticky":false,"template":"","format":"standard","meta":{"ngg_post_thumbnail":0},"categories":[1],"tags":[],"_links":{"self":[{"href":"https:\/\/cpsanadrian.educacion.navarra.es\/blog\/wp-json\/wp\/v2\/posts\/9325"}],"collection":[{"href":"https:\/\/cpsanadrian.educacion.navarra.es\/blog\/wp-json\/wp\/v2\/posts"}],"about":[{"href":"https:\/\/cpsanadrian.educacion.navarra.es\/blog\/wp-json\/wp\/v2\/types\/post"}],"author":[{"embeddable":true,"href":"https:\/\/cpsanadrian.educacion.navarra.es\/blog\/wp-json\/wp\/v2\/users\/11"}],"replies":[{"embeddable":true,"href":"https:\/\/cpsanadrian.educacion.navarra.es\/blog\/wp-json\/wp\/v2\/comments?post=9325"}],"version-history":[{"count":4,"href":"https:\/\/cpsanadrian.educacion.navarra.es\/blog\/wp-json\/wp\/v2\/posts\/9325\/revisions"}],"predecessor-version":[{"id":9374,"href":"https:\/\/cpsanadrian.educacion.navarra.es\/blog\/wp-json\/wp\/v2\/posts\/9325\/revisions\/9374"}],"wp:attachment":[{"href":"https:\/\/cpsanadrian.educacion.navarra.es\/blog\/wp-json\/wp\/v2\/media?parent=9325"}],"wp:term":[{"taxonomy":"category","embeddable":true,"href":"https:\/\/cpsanadrian.educacion.navarra.es\/blog\/wp-json\/wp\/v2\/categories?post=9325"},{"taxonomy":"post_tag","embeddable":true,"href":"https:\/\/cpsanadrian.educacion.navarra.es\/blog\/wp-json\/wp\/v2\/tags?post=9325"}],"curies":[{"name":"wp","href":"https:\/\/api.w.org\/{rel}","templated":true}]}}