{"id":9439,"date":"2024-09-05T13:22:27","date_gmt":"2024-09-05T11:22:27","guid":{"rendered":"https:\/\/cpsanadrian.educacion.navarra.es\/blog\/?p=9439"},"modified":"2024-09-05T13:22:27","modified_gmt":"2024-09-05T11:22:27","slug":"ludoteca-municipal","status":"publish","type":"post","link":"https:\/\/cpsanadrian.educacion.navarra.es\/blog\/2024\/09\/05\/ludoteca-municipal\/","title":{"rendered":"Ludoteca municipal"},"content":{"rendered":"\n<p>La ludoteca de San Adri\u00e1n, en los bajos del colegio, comienza el curso 24\/25 el d\u00eda 1 de octubre. Durante la jornada tendr\u00e1 apoyo escolar, juegos, manualidades, f\u00fatbol, gymkanas, salidas&#8230; Est\u00e1 dirigida a los ni\u00f1os y ni\u00f1as de 3 a 12 a\u00f1os y las plazas ser\u00e1n limitadas. <\/p>\n\n\n\n<p>Las jornadas tendr\u00e1n lugar los lunes, martes y jueves de 17:00 a 19:00 y el precio ser\u00e1 de 12\u20ac al mes.<\/p>\n\n\n\n<p>Las inscripciones se recoger\u00e1n el 18 y 19 de septiembre de 17:00 a 19:00 en la propia ludoteca. Recuerda que las plazas ser\u00e1n limitadas. <\/p>\n\n\n\n<p class=\"has-text-align-center\"><a href=\"https:\/\/drive.google.com\/file\/d\/10Fzaa9AsQrpu5-4RqnkPkFFEXofOjWJp\/view?usp=sharing\" target=\"_blank\" rel=\"noreferrer noopener\">Hoja de inscripci\u00f3n<\/a><\/p>\n","protected":false},"excerpt":{"rendered":"<p>La ludoteca de San Adri\u00e1n, en los bajos del colegio, comienza el curso 24\/25 el d\u00eda 1 de octubre. Durante la jornada tendr\u00e1 apoyo escolar, juegos, manualidades, f\u00fatbol, gymkanas, salidas&#8230; Est\u00e1 dirigida a los ni\u00f1os y ni\u00f1as de 3 a 12 a\u00f1os y las plazas ser\u00e1n limitadas. Las jornadas tendr\u00e1n lugar los lunes, martes y &hellip; <a href=\"https:\/\/cpsanadrian.educacion.navarra.es\/blog\/2024\/09\/05\/ludoteca-municipal\/\" class=\"more-link\">Seguir leyendo <span class=\"screen-reader-text\">Ludoteca municipal<\/span> <span class=\"meta-nav\">&rarr;<\/span><\/a><\/p>\n","protected":false},"author":11,"featured_media":0,"comment_status":"open","ping_status":"open","sticky":false,"template":"","format":"standard","meta":{"ngg_post_thumbnail":0},"categories":[1],"tags":[],"_links":{"self":[{"href":"https:\/\/cpsanadrian.educacion.navarra.es\/blog\/wp-json\/wp\/v2\/posts\/9439"}],"collection":[{"href":"https:\/\/cpsanadrian.educacion.navarra.es\/blog\/wp-json\/wp\/v2\/posts"}],"about":[{"href":"https:\/\/cpsanadrian.educacion.navarra.es\/blog\/wp-json\/wp\/v2\/types\/post"}],"author":[{"embeddable":true,"href":"https:\/\/cpsanadrian.educacion.navarra.es\/blog\/wp-json\/wp\/v2\/users\/11"}],"replies":[{"embeddable":true,"href":"https:\/\/cpsanadrian.educacion.navarra.es\/blog\/wp-json\/wp\/v2\/comments?post=9439"}],"version-history":[{"count":1,"href":"https:\/\/cpsanadrian.educacion.navarra.es\/blog\/wp-json\/wp\/v2\/posts\/9439\/revisions"}],"predecessor-version":[{"id":9440,"href":"https:\/\/cpsanadrian.educacion.navarra.es\/blog\/wp-json\/wp\/v2\/posts\/9439\/revisions\/9440"}],"wp:attachment":[{"href":"https:\/\/cpsanadrian.educacion.navarra.es\/blog\/wp-json\/wp\/v2\/media?parent=9439"}],"wp:term":[{"taxonomy":"category","embeddable":true,"href":"https:\/\/cpsanadrian.educacion.navarra.es\/blog\/wp-json\/wp\/v2\/categories?post=9439"},{"taxonomy":"post_tag","embeddable":true,"href":"https:\/\/cpsanadrian.educacion.navarra.es\/blog\/wp-json\/wp\/v2\/tags?post=9439"}],"curies":[{"name":"wp","href":"https:\/\/api.w.org\/{rel}","templated":true}]}}