{"id":9542,"date":"2024-11-20T10:12:14","date_gmt":"2024-11-20T09:12:14","guid":{"rendered":"https:\/\/cpsanadrian.educacion.navarra.es\/blog\/?p=9542"},"modified":"2024-11-20T12:07:01","modified_gmt":"2024-11-20T11:07:01","slug":"festival-de-navidad-24","status":"publish","type":"post","link":"https:\/\/cpsanadrian.educacion.navarra.es\/blog\/2024\/11\/20\/festival-de-navidad-24\/","title":{"rendered":"Festival de Navidad 24"},"content":{"rendered":"\n<figure class=\"wp-block-image is-resized\"><img loading=\"lazy\" src=\"https:\/\/hips.hearstapps.com\/hmg-prod\/images\/christmas-cozy-kitchen-with-christmas-decorations-royalty-free-image-1729518573.jpg?crop=1xw:0.84415xh;center,top\" alt=\"Decoraci\u00f3n navide\u00f1a: ideas para decorar la casa en Navidad\" width=\"518\" height=\"291\"\/><\/figure>\n\n\n\n<p>En diciembre vamos a retomar el Festival de Navidad pero en un formato diferente al prepand\u00e9mico.  Ser\u00e1 un festival que tendr\u00e1 una duraci\u00f3n de unos 30-45 minutos, en el pabell\u00f3n de centro y habr\u00e1 4 sesiones diferentes:<\/p>\n\n\n\n<p>Sesi\u00f3n 1: <strong>Martes 17 de diciembre &#8211; 3 y 4 a\u00f1os &#8211; Comienzo 9:30 &#8211; Presenta 6\u00baA<\/strong><\/p>\n\n\n\n<p>Sesi\u00f3n 2: <strong>Martes 17 de diciembre  &#8211; 5 a\u00f1os y 3\u00ba EP &#8211; Comienzo 11:30 &#8211; Presenta 6\u00baB<\/strong><\/p>\n\n\n\n<p>Sesi\u00f3n 3: <strong>Mi\u00e9rcoles 18 de diciembre &#8211; 1\u00ba y 2\u00ba EP &#8211; Comienzo 9:30\u00a0 Presenta 6\u00baC<\/strong><\/p>\n\n\n\n<p>Sesi\u00f3n 4: <strong>Mi\u00e9rcoles 18 de diciembre  &#8211; 4\u00ba, 5\u00ba y 6\u00ba EP &#8211; Comienzo 11:30 &#8211; Presenta 6\u00baD<\/strong><\/p>\n\n\n\n<p>El aforo estar\u00e1 limitado a 2 personas por cada alumno\/a, por motivos de seguridad. <\/p>\n","protected":false},"excerpt":{"rendered":"<p>En diciembre vamos a retomar el Festival de Navidad pero en un formato diferente al prepand\u00e9mico. Ser\u00e1 un festival que tendr\u00e1 una duraci\u00f3n de unos 30-45 minutos, en el pabell\u00f3n de centro y habr\u00e1 4 sesiones diferentes: Sesi\u00f3n 1: Martes 17 de diciembre &#8211; 3 y 4 a\u00f1os &#8211; Comienzo 9:30 &#8211; Presenta 6\u00baA Sesi\u00f3n &hellip; <a href=\"https:\/\/cpsanadrian.educacion.navarra.es\/blog\/2024\/11\/20\/festival-de-navidad-24\/\" class=\"more-link\">Seguir leyendo <span class=\"screen-reader-text\">Festival de Navidad 24<\/span> <span class=\"meta-nav\">&rarr;<\/span><\/a><\/p>\n","protected":false},"author":11,"featured_media":0,"comment_status":"open","ping_status":"open","sticky":false,"template":"","format":"standard","meta":{"ngg_post_thumbnail":0},"categories":[1],"tags":[],"_links":{"self":[{"href":"https:\/\/cpsanadrian.educacion.navarra.es\/blog\/wp-json\/wp\/v2\/posts\/9542"}],"collection":[{"href":"https:\/\/cpsanadrian.educacion.navarra.es\/blog\/wp-json\/wp\/v2\/posts"}],"about":[{"href":"https:\/\/cpsanadrian.educacion.navarra.es\/blog\/wp-json\/wp\/v2\/types\/post"}],"author":[{"embeddable":true,"href":"https:\/\/cpsanadrian.educacion.navarra.es\/blog\/wp-json\/wp\/v2\/users\/11"}],"replies":[{"embeddable":true,"href":"https:\/\/cpsanadrian.educacion.navarra.es\/blog\/wp-json\/wp\/v2\/comments?post=9542"}],"version-history":[{"count":2,"href":"https:\/\/cpsanadrian.educacion.navarra.es\/blog\/wp-json\/wp\/v2\/posts\/9542\/revisions"}],"predecessor-version":[{"id":9544,"href":"https:\/\/cpsanadrian.educacion.navarra.es\/blog\/wp-json\/wp\/v2\/posts\/9542\/revisions\/9544"}],"wp:attachment":[{"href":"https:\/\/cpsanadrian.educacion.navarra.es\/blog\/wp-json\/wp\/v2\/media?parent=9542"}],"wp:term":[{"taxonomy":"category","embeddable":true,"href":"https:\/\/cpsanadrian.educacion.navarra.es\/blog\/wp-json\/wp\/v2\/categories?post=9542"},{"taxonomy":"post_tag","embeddable":true,"href":"https:\/\/cpsanadrian.educacion.navarra.es\/blog\/wp-json\/wp\/v2\/tags?post=9542"}],"curies":[{"name":"wp","href":"https:\/\/api.w.org\/{rel}","templated":true}]}}