{"id":9546,"date":"2024-11-22T09:20:11","date_gmt":"2024-11-22T08:20:11","guid":{"rendered":"https:\/\/cpsanadrian.educacion.navarra.es\/blog\/?p=9546"},"modified":"2024-11-22T10:03:29","modified_gmt":"2024-11-22T09:03:29","slug":"constitucion-nuevo-consejo-escolar","status":"publish","type":"post","link":"https:\/\/cpsanadrian.educacion.navarra.es\/blog\/2024\/11\/22\/constitucion-nuevo-consejo-escolar\/","title":{"rendered":"Constituci\u00f3n nuevo Consejo Escolar"},"content":{"rendered":"\n<p>Ya ha terminado el proceso de elecci\u00f3n de los nuevos miembros del Consejo Escolar. Al haber tantos candidatos\/as como vacantes, no ha sido necesaria la realizaci\u00f3n de votaciones. La nueva configuraci\u00f3n queda de la siguiente manera:<\/p>\n\n\n\n<ul><li>Representante del Ayuntamiento:<ul><li><strong>Jos\u00e9 Antonio S\u00e1daba Esparza\u00a0 <\/strong>(Renueva el 21\/11\/ 2024)<\/li><\/ul><\/li><li>Representante PAS:<ul><li><em><strong>Hugo Ayensa Herreros <\/strong>(Nuevo nombramiento el 21\/11\/2024)<\/em><\/li><\/ul><\/li><li>Representantes del profesorado: <ul><li><strong>Marta Pellejero Hernando <\/strong>(antig\u00fcedad: desde diciembre 22)\u00a0<\/li><li><strong>Mamen Delgado Chac\u00f3n <\/strong>(antig\u00fcedad: desde diciembre 22)\u00a0<\/li><li><em><strong>Hugo Mart\u00ednez Arce <\/strong>(Nuevo nombramiento el 21\/11\/2024)<\/em><\/li><li><em><strong>Maite Rodr\u00edguez Montes <\/strong>(Nuevo nombramiento el 21\/11\/2024)<\/em><\/li><li><em><strong>Marta Ter\u00e9s Amatriain <\/strong>(Nuevo nombramiento el 21\/11\/2024)<\/em><\/li><\/ul><\/li><li>Representantes del sector familias<ul><li><strong>Raquel Mart\u00ednez Jim\u00e9nez <\/strong>(antig\u00fcedad: desde diciembre 22)\u00a0<\/li><li><strong>Esmeralda P\u00e9rez Jim\u00e9nez <\/strong>(antig\u00fcedad: desde diciembre 22)\u00a0<\/li><\/ul><ul><li><em><strong>Montserrat Saez Lacalle<\/strong> (Representante la Asociaci\u00f3n Mayoritaria)<strong> <\/strong>(Nuevo nombramiento el 21\/11\/2024)<\/em><\/li><li><em><strong>Montserrat Pascual Barciela <\/strong>(Nuevo nombramiento el 21\/11\/2024)<\/em><\/li><li><em><strong>Pablo Malnero Rodr\u00edguez <\/strong>(Nuevo nombramiento el 21\/11\/2024)<\/em><\/li><\/ul><\/li><li>Equipo Directivo\u00a0<ul><li><strong>Cristina Rivas Pellejero<\/strong> (Jefa de Estudios)<\/li><li><strong>Mar\u00eda C\u00e1rcar Sanz<\/strong> (Secretaria)<\/li><li><strong>Rub\u00e9n Fuertes Peralta<\/strong> (Director)<\/li><\/ul><\/li><\/ul>\n\n\n\n<p>Aprovechamos la ocasi\u00f3n para mostrar todo nuestro agradecimiento a los miembros salientes del Consejo por su implicaci\u00f3n, su tiempo y su siempre tono constructivo a la hora de debatir los diferentes temas:<\/p>\n\n\n\n<p>&#8211; Del sector profesorado: Nieves Campo, Javier Mart\u00edn y Jes\u00fas D\u00edaz<\/p>\n\n\n\n<p>&#8211; Del sector familias: Patricia Colorado y Elisabeth Muro<\/p>\n\n\n\n<p>&#8211; Del sector Pas: Rufi Tres.\u00a0<\/p>\n","protected":false},"excerpt":{"rendered":"<p>Ya ha terminado el proceso de elecci\u00f3n de los nuevos miembros del Consejo Escolar. Al haber tantos candidatos\/as como vacantes, no ha sido necesaria la realizaci\u00f3n de votaciones. La nueva configuraci\u00f3n queda de la siguiente manera: Representante del Ayuntamiento: Jos\u00e9 Antonio S\u00e1daba Esparza\u00a0 (Renueva el 21\/11\/ 2024) Representante PAS: Hugo Ayensa Herreros (Nuevo nombramiento el &hellip; <a href=\"https:\/\/cpsanadrian.educacion.navarra.es\/blog\/2024\/11\/22\/constitucion-nuevo-consejo-escolar\/\" class=\"more-link\">Seguir leyendo <span class=\"screen-reader-text\">Constituci\u00f3n nuevo Consejo Escolar<\/span> <span class=\"meta-nav\">&rarr;<\/span><\/a><\/p>\n","protected":false},"author":11,"featured_media":0,"comment_status":"open","ping_status":"open","sticky":false,"template":"","format":"standard","meta":{"ngg_post_thumbnail":0},"categories":[1],"tags":[],"_links":{"self":[{"href":"https:\/\/cpsanadrian.educacion.navarra.es\/blog\/wp-json\/wp\/v2\/posts\/9546"}],"collection":[{"href":"https:\/\/cpsanadrian.educacion.navarra.es\/blog\/wp-json\/wp\/v2\/posts"}],"about":[{"href":"https:\/\/cpsanadrian.educacion.navarra.es\/blog\/wp-json\/wp\/v2\/types\/post"}],"author":[{"embeddable":true,"href":"https:\/\/cpsanadrian.educacion.navarra.es\/blog\/wp-json\/wp\/v2\/users\/11"}],"replies":[{"embeddable":true,"href":"https:\/\/cpsanadrian.educacion.navarra.es\/blog\/wp-json\/wp\/v2\/comments?post=9546"}],"version-history":[{"count":2,"href":"https:\/\/cpsanadrian.educacion.navarra.es\/blog\/wp-json\/wp\/v2\/posts\/9546\/revisions"}],"predecessor-version":[{"id":9548,"href":"https:\/\/cpsanadrian.educacion.navarra.es\/blog\/wp-json\/wp\/v2\/posts\/9546\/revisions\/9548"}],"wp:attachment":[{"href":"https:\/\/cpsanadrian.educacion.navarra.es\/blog\/wp-json\/wp\/v2\/media?parent=9546"}],"wp:term":[{"taxonomy":"category","embeddable":true,"href":"https:\/\/cpsanadrian.educacion.navarra.es\/blog\/wp-json\/wp\/v2\/categories?post=9546"},{"taxonomy":"post_tag","embeddable":true,"href":"https:\/\/cpsanadrian.educacion.navarra.es\/blog\/wp-json\/wp\/v2\/tags?post=9546"}],"curies":[{"name":"wp","href":"https:\/\/api.w.org\/{rel}","templated":true}]}}