{"id":9648,"date":"2025-03-10T13:50:00","date_gmt":"2025-03-10T12:50:00","guid":{"rendered":"https:\/\/cpsanadrian.educacion.navarra.es\/blog\/?p=9648"},"modified":"2025-03-07T13:54:21","modified_gmt":"2025-03-07T12:54:21","slug":"st-patricks-day-3","status":"publish","type":"post","link":"https:\/\/cpsanadrian.educacion.navarra.es\/blog\/2025\/03\/10\/st-patricks-day-3\/","title":{"rendered":"St. Patrick\u00b4s day"},"content":{"rendered":"\n<p>El lunes 17 de marzo celebraremos en el centro St. Patrick\u00b4s day con lo tradicional danza irlandesa a las 12:30h en el patio de Primaria. Si quer\u00e9is animaros, pod\u00e9is venir vestidos con algo verde. <\/p>\n\n\n\n<figure class=\"wp-block-image\" id=\"block-f2f58270-0422-407b-a181-917d97954130\"><img src=\"https:\/\/cpsanadrian.educacion.navarra.es\/blog\/wp-content\/uploads\/2021\/03\/E5YcNgHufPfeEW3murthjN-1200-80.jpg\" alt=\"La imagen tiene un atributo ALT vac\u00edo; su nombre de archivo es E5YcNgHufPfeEW3murthjN-1200-80.jpg\"\/><\/figure>\n\n\n\n<p class=\"has-text-align-center\" id=\"block-23f57ddc-36ad-4892-9230-6a468b509031\">Fotograf\u00edas de las actividades (se ir\u00e1n poniendo)<\/p>\n","protected":false},"excerpt":{"rendered":"<p>El lunes 17 de marzo celebraremos en el centro St. Patrick\u00b4s day con lo tradicional danza irlandesa a las 12:30h en el patio de Primaria. Si quer\u00e9is animaros, pod\u00e9is venir vestidos con algo verde. Fotograf\u00edas de las actividades (se ir\u00e1n poniendo)<\/p>\n","protected":false},"author":11,"featured_media":0,"comment_status":"open","ping_status":"open","sticky":false,"template":"","format":"standard","meta":{"ngg_post_thumbnail":0},"categories":[1],"tags":[],"_links":{"self":[{"href":"https:\/\/cpsanadrian.educacion.navarra.es\/blog\/wp-json\/wp\/v2\/posts\/9648"}],"collection":[{"href":"https:\/\/cpsanadrian.educacion.navarra.es\/blog\/wp-json\/wp\/v2\/posts"}],"about":[{"href":"https:\/\/cpsanadrian.educacion.navarra.es\/blog\/wp-json\/wp\/v2\/types\/post"}],"author":[{"embeddable":true,"href":"https:\/\/cpsanadrian.educacion.navarra.es\/blog\/wp-json\/wp\/v2\/users\/11"}],"replies":[{"embeddable":true,"href":"https:\/\/cpsanadrian.educacion.navarra.es\/blog\/wp-json\/wp\/v2\/comments?post=9648"}],"version-history":[{"count":2,"href":"https:\/\/cpsanadrian.educacion.navarra.es\/blog\/wp-json\/wp\/v2\/posts\/9648\/revisions"}],"predecessor-version":[{"id":9651,"href":"https:\/\/cpsanadrian.educacion.navarra.es\/blog\/wp-json\/wp\/v2\/posts\/9648\/revisions\/9651"}],"wp:attachment":[{"href":"https:\/\/cpsanadrian.educacion.navarra.es\/blog\/wp-json\/wp\/v2\/media?parent=9648"}],"wp:term":[{"taxonomy":"category","embeddable":true,"href":"https:\/\/cpsanadrian.educacion.navarra.es\/blog\/wp-json\/wp\/v2\/categories?post=9648"},{"taxonomy":"post_tag","embeddable":true,"href":"https:\/\/cpsanadrian.educacion.navarra.es\/blog\/wp-json\/wp\/v2\/tags?post=9648"}],"curies":[{"name":"wp","href":"https:\/\/api.w.org\/{rel}","templated":true}]}}